{"id":539,"date":"2017-08-01T21:18:34","date_gmt":"2017-08-01T21:18:34","guid":{"rendered":"http:\/\/pertinente.com.br\/site\/?p=539"},"modified":"2017-08-01T21:23:35","modified_gmt":"2017-08-01T21:23:35","slug":"gilmar-mendes-ataca-janot-por-voltar-a-pedir-prisao-de-aecio","status":"publish","type":"post","link":"https:\/\/pertinente.com.br\/site\/2017\/08\/01\/gilmar-mendes-ataca-janot-por-voltar-a-pedir-prisao-de-aecio\/","title":{"rendered":"Gilmar Mendes ataca Janot por voltar a pedir pris\u00e3o de A\u00e9cio"},"content":{"rendered":"<p><a href=\"http:\/\/pertinente.com.br\/site\/wp-content\/uploads\/2017\/08\/images.jpg\"><img loading=\"lazy\" decoding=\"async\" class=\"wp-image-540 aligncenter\" src=\"http:\/\/pertinente.com.br\/site\/wp-content\/uploads\/2017\/08\/images.jpg\" alt=\"\" width=\"452\" height=\"301\" \/><\/a><\/p>\n<p>O ministro Gilmar Mendes, do Supremo Tribunal Federal (STF), provocou o procurador-geral da Rep\u00fablica, Rodrigo Janot, nesta ter\u00e7a-feira, 1, um dia depois de a Procuradoria-Geral da Rep\u00fablica (PGR) pedir pela terceira vez a pris\u00e3o do senador A\u00e9cio Neves (PSDB-MG) com base nas dela\u00e7\u00f5es do Grupo J&amp;F, que controla a JBS.<\/p>\n<p>\u201cN\u00e3o posso emitir ju\u00edzo sobre a Primeira Turma (que analisar\u00e1 o novo pedido de Janot), isso \u00e9 opini\u00e3o do procurador e ser\u00e1 considerado. Se recomenda que se leia a Constitui\u00e7\u00e3o. Eu acho que \u00e9 bom que atores jur\u00eddicos pol\u00edticos leiam a Constitui\u00e7\u00e3o antes de seguir suas vontades\u201d, disse Gilmar Mendes a jornalistas, depois da sess\u00e3o plen\u00e1ria desta manh\u00e3.<\/p>\n<p>Em maio, A\u00e9cio Neves foi suspenso das atividades parlamentares pelo ministro do STF Edson Fachin, que negou o pedido de pris\u00e3o do senador. No dia 30 de junho, o ministro Marco Aur\u00e9lio Mello, que assumiu a relatoria do caso, tamb\u00e9m rejeitou o pedido de pris\u00e3o, mas permitiu que o tucano retomasse o exerc\u00edcio das suas fun\u00e7\u00f5es no Senado. A Procuradoria recorre dessa decis\u00e3o.<\/p>\n<p>Nesta ter\u00e7a-feira, Marco Aur\u00e9lio Mello disse que o recurso apresentado por Janot deve ser analisado pelos ministros da Primeira Turma at\u00e9 o final deste m\u00eas. Al\u00e9m de Mello, comp\u00f5em o colegiado os ministros Rosa Weber, Lu\u00eds Roberto Barroso, Luiz Fux e Alexandre de Moraes.<\/p>\n<p>\u201cContinuo convencido de que a decis\u00e3o \u00e9 uma decis\u00e3o correta. Agora h\u00e1 um pedido no sentido de receber o pleito de reconsidera\u00e7\u00e3o e a\u00ed, havendo o recurso, terei de estabelecer o contradit\u00f3rio, ouvir a parte interessada na manuten\u00e7\u00e3o da minha decis\u00e3o, que \u00e9 o senador A\u00e9cio Neves, e levar \u00e0 turma. Que a sempre ilustrada maioria no colegiado decida como entender melhor\u201d, disse Marco Aur\u00e9lio.<\/p>\n<p>Indagado pelo Estad\u00e3o\/Broadcast se acredita que a Primeira Turma vai manter a sua decis\u00e3o, Marco Aur\u00e9lio respondeu: \u201cComo o colegiado \u00e9 uma caixa de surpresas, e h\u00e1 aquela m\u00e1xima segundo a qual \u2018cada cabe\u00e7a uma senten\u00e7a\u2019, temos de aguardar para o colegiado se pronunciar.\u201d<\/p>\n<p>No dia 30 de junho, Marco Aur\u00e9lio devolveu o mandato do senador. Marco Aur\u00e9lio decidiu ainda que A\u00e9cio poder\u00e1 entrar em contato com outros investigados do caso JBS &#8211; incluindo a sua irm\u00e3 Andrea Neves &#8211; e at\u00e9 mesmo deixar o Pa\u00eds.<\/p>\n<p>\u201cO meu voto ser\u00e1 essencialmente o que se cont\u00e9m na decis\u00e3o. N\u00e3o foi uma decis\u00e3o de meia d\u00fazia de linhas\u201d, comentou o ministro nesta ter\u00e7a-feira. A decis\u00e3o de Marco Aur\u00e9lio questionada pela PGR tem 16 p\u00e1ginas.<\/p>\n<p>Em nota, o advogado do tucano, Alberto Zacharias Toron, afirmou que o \u201cagravo apresentado limita-se a repetir os argumentos j\u00e1 refutados pelo ministro Marco Aur\u00e9lio, por representarem afronta direta \u00e0 Constitui\u00e7\u00e3o Federal\u201d.<\/p>\n<p>\u201cNenhum fato novo foi apontado pela Procuradoria para justificar a pris\u00e3o do senador A\u00e9cio Neves.\u201d \u201cA defesa segue tranquila quanto \u00e0 manuten\u00e7\u00e3o da decis\u00e3o que revogou as medidas cautelares impostas contra o senador, pois, diferentemente do agravo do PGR, est\u00e1 ancorada no que diz a legisla\u00e7\u00e3o vigente no Pa\u00eds\u201d, afirmou Toron.<\/p>\n<p>Fonte: <a href=\"http:\/\/politica.estadao.com.br\/noticias\/geral,gilmar-mendes-provoca-janot-sobre-pedido-de-prisao-de-aecio-e-bom-ler-a-constituicao,70001918951\">Estadao<\/a><\/p>\n","protected":false},"excerpt":{"rendered":"<p>O ministro Gilmar Mendes, do Supremo Tribunal Federal (STF), provocou o procurador-geral da Rep\u00fablica, Rodrigo Janot, nesta ter\u00e7a-feira, 1, um dia depois de a Procuradoria-Geral da Rep\u00fablica (PGR) pedir pela terceira vez a pris\u00e3o do senador A\u00e9cio Neves (PSDB-MG) com base nas&hellip;<\/p>\n","protected":false},"author":1,"featured_media":540,"comment_status":"open","ping_status":"open","sticky":false,"template":"","format":"standard","meta":{"footnotes":""},"categories":[4],"tags":[62,92,138],"_links":{"self":[{"href":"https:\/\/pertinente.com.br\/site\/wp-json\/wp\/v2\/posts\/539"}],"collection":[{"href":"https:\/\/pertinente.com.br\/site\/wp-json\/wp\/v2\/posts"}],"about":[{"href":"https:\/\/pertinente.com.br\/site\/wp-json\/wp\/v2\/types\/post"}],"author":[{"embeddable":true,"href":"https:\/\/pertinente.com.br\/site\/wp-json\/wp\/v2\/users\/1"}],"replies":[{"embeddable":true,"href":"https:\/\/pertinente.com.br\/site\/wp-json\/wp\/v2\/comments?post=539"}],"version-history":[{"count":2,"href":"https:\/\/pertinente.com.br\/site\/wp-json\/wp\/v2\/posts\/539\/revisions"}],"predecessor-version":[{"id":542,"href":"https:\/\/pertinente.com.br\/site\/wp-json\/wp\/v2\/posts\/539\/revisions\/542"}],"wp:featuredmedia":[{"embeddable":true,"href":"https:\/\/pertinente.com.br\/site\/wp-json\/wp\/v2\/media\/540"}],"wp:attachment":[{"href":"https:\/\/pertinente.com.br\/site\/wp-json\/wp\/v2\/media?parent=539"}],"wp:term":[{"taxonomy":"category","embeddable":true,"href":"https:\/\/pertinente.com.br\/site\/wp-json\/wp\/v2\/categories?post=539"},{"taxonomy":"post_tag","embeddable":true,"href":"https:\/\/pertinente.com.br\/site\/wp-json\/wp\/v2\/tags?post=539"}],"curies":[{"name":"wp","href":"https:\/\/api.w.org\/{rel}","templated":true}]}}