{"id":547,"date":"2017-08-03T17:56:40","date_gmt":"2017-08-03T17:56:40","guid":{"rendered":"http:\/\/pertinente.com.br\/site\/?p=547"},"modified":"2017-08-03T18:00:41","modified_gmt":"2017-08-03T18:00:41","slug":"deputados-salvam-temer-enterrando-a-denuncia-de-corrupcao","status":"publish","type":"post","link":"https:\/\/pertinente.com.br\/site\/2017\/08\/03\/deputados-salvam-temer-enterrando-a-denuncia-de-corrupcao\/","title":{"rendered":"Deputados salvam Temer ao impedirem investiga\u00e7\u00e3o da den\u00fancia de corrup\u00e7\u00e3o"},"content":{"rendered":"<p><a href=\"http:\/\/pertinente.com.br\/site\/wp-content\/uploads\/2017\/08\/1501690069_022233_1501751805_noticia_fotograma.jpg\"><img loading=\"lazy\" decoding=\"async\" class=\"alignnone size-full wp-image-548\" src=\"http:\/\/pertinente.com.br\/site\/wp-content\/uploads\/2017\/08\/1501690069_022233_1501751805_noticia_fotograma.jpg\" alt=\"\" width=\"980\" height=\"552\" srcset=\"https:\/\/pertinente.com.br\/site\/wp-content\/uploads\/2017\/08\/1501690069_022233_1501751805_noticia_fotograma.jpg 980w, https:\/\/pertinente.com.br\/site\/wp-content\/uploads\/2017\/08\/1501690069_022233_1501751805_noticia_fotograma-300x169.jpg 300w, https:\/\/pertinente.com.br\/site\/wp-content\/uploads\/2017\/08\/1501690069_022233_1501751805_noticia_fotograma-768x433.jpg 768w\" sizes=\"(max-width: 980px) 100vw, 980px\" \/><\/a><\/p>\n<p>A C\u00e2mara dos Deputados salvaram nesta quarta-feira o presidente <a href=\"https:\/\/brasil.elpais.com\/tag\/michel_temer\/a\/\">Michel Temer<\/a>\u00a0de uma den\u00fancia do Minist\u00e9rio P\u00fablico <a href=\"https:\/\/brasil.elpais.com\/brasil\/2017\/06\/27\/politica\/1498593857_443254.html\">por suposto recebimento de propina<\/a>. A alian\u00e7a de centro-direita que em abril de 2016 acabou com 13 anos de Governo do esquerdista PT conseguiu os apoios necess\u00e1rios para impedir que o Supremo Tribunal Federal analisasse o caso que poderia afast\u00e1-lo do cargo por at\u00e9 seis meses. <a href=\"https:\/\/brasil.elpais.com\/brasil\/2017\/08\/02\/politica\/1501673588_289747.html\">Numa conturbada sess\u00e3o da C\u00e2mara dos Deputados<\/a>, Temer conseguiu 263 votos, mais do\u00a0que os 172 m\u00ednimos necess\u00e1rios para enterrar a a\u00e7\u00e3o judicial.<\/p>\n<div id=\"elpais_gpt-INTEXT\" data-google-query-id=\"CJWJj_7Nu9UCFRWIkQodfrMLog\"><\/div>\n<p>Temer e seus aliados utilizaram <a href=\"https:\/\/brasil.elpais.com\/brasil\/2017\/08\/02\/politica\/1501629691_845462.html\">at\u00e9 o \u00faltimo minuto todas as armas para frear poss\u00edveis deser\u00e7\u00f5es e garantir a continuidade do Governo<\/a>, ainda que a oposi\u00e7\u00e3o, que marcou 227 votos no placar, jamais tenha chegado perto de conseguir os 342 votos necess\u00e1rios dos 513 poss\u00edveis\u00a0 Poucos, como Temer, conhecem as artimanhas para captar apoios na pol\u00edtica brasileira. N\u00e3o \u00e9 \u00e0 toa que ele presidiu a C\u00e2mara em tr\u00eas ocasi\u00f5es e atuou como um dos homens fortes do PMDB, especialista em selar pactos com Deus e depois com o Diabo, capaz de se aliar durante anos com o PT para depois, repentinamente, transformar-se em seu algoz.<\/p>\n<div id=\"sc-dluspder2ci5mem9ggb9\" data-smartplay-instance-id=\"0\">\n<div id=\"sc-dluspder2ci5mem9ggb9-backdrop\">Os esfor\u00e7os de Temer se prolongaram at\u00e9 poucas horas antes da vota\u00e7\u00e3o: <strong>inclu\u00edram distribui\u00e7\u00e3o de cargos a deputados<\/strong> at\u00e9 reuni\u00f5es com o nutrido lobby parlamentar dos <strong>latifundi\u00e1rios<\/strong>. O Governo \u2013 numa manobra n\u00e3o t\u00e3o incomum \u2013 chegou a exonerar 10 ministros temporariamente de seus cargos para que pudessem participar da vota\u00e7\u00e3o na C\u00e2mara. E sempre deixou pairando no ar a situa\u00e7\u00e3o de dezenas de deputados, que vivem com a amea\u00e7a de acabar algum dia na pris\u00e3o tamb\u00e9m por pr\u00e1ticas corruptas. O que n\u00e3o impediu que representantes de partidos igualmente envolvidos nos esc\u00e2ndalos se atacassem mutuamente com termos como \u201cladr\u00f5es\u201d e \u201cbando de criminosos\u201d. O presidente sofreu algumas deser\u00e7\u00f5es, como a parte de um dos principais aliados do Governo, o PSDB, que recomendou que seus congressistas \u2013 embora sem car\u00e1ter obrigat\u00f3rio \u2013 votassem a favor da den\u00fancia. Mas Temer conseguiu desviar de todos os obst\u00e1culos.<\/div>\n<\/div>\n<h4>A den\u00fancia<\/h4>\n<p>Se a imagem dos pol\u00edticos no Brasil est\u00e1 num n\u00edvel baix\u00edssimo, o debate n\u00e3o contribuiu para melhor\u00e1-la. Um dia inteiro de discuss\u00f5es bizantinas de procedimento, truques obstrucionistas e epis\u00f3dios grotescos. Nenhum deles<a href=\"https:\/\/brasil.elpais.com\/brasil\/2017\/08\/02\/politica\/1501702865_018544.html\">como o protagonizado pelo deputado Wladimir Costa (SD-PR)<\/a>, que ficou famoso h\u00e1 alguns dias depois de ter tatuado o nome de Temer em um bra\u00e7o. Costa brandia um boneco do ex-presidente Lula vestido de presidi\u00e1rio e quase chegou \u00e0s vias de fato com alguns membros da oposi\u00e7\u00e3o.<\/p>\n<p>Deputados da esquerda percorreram os corredores da C\u00e2mara em manifesta\u00e7\u00e3o, entraram na sess\u00e3o em meio a gritos e cartazes de \u201cFora, Temer\u201d e jogaram no ch\u00e3o uma mala com notas falsas. Deputados pr\u00f3ximos ao Governo devolveram as acusa\u00e7\u00f5es, como Mauro Pereira, do PMDB, que se dirigiu ao <a href=\"https:\/\/elpais.com\/tag\/sergio_fernando_moro\/a\">juiz S\u00e9rgio Moro<\/a>, que impulsionou as investiga\u00e7\u00f5es anticorrup\u00e7\u00e3o, para pedir: \u201cColoque Lula na cadeia! Ele \u00e9 o chefe de uma quadrilha de criminosos\u201d. Os deputados haviam chegado proclamando que seria uma \u201csess\u00e3o hist\u00f3rica\u201d, mas a atmosfera nada teve de solene. Enquanto o advogado de Temer defendia a inoc\u00eancia do presidente \u2013 chegou a qualific\u00e1-lo de \u201cpessoa imaculada, \u00e0 prova de qualquer cr\u00edtica\u2019 \u2013, os parlamentares se entretinham conversando em rodinhas ou gravando mensagens em seus celulares para transmitir pelas redes sociais.<\/p>\n<p>H\u00e1 15 meses, <a href=\"https:\/\/brasil.elpais.com\/tag\/proceso_destitucion_dilma_rousseff\/a\/\">quando se debatia o impeachment de Dilma Rousseff<\/a>, milhares de pessoas protestavam na imensa esplanada diante do edif\u00edcio do Congresso. Embora os \u00edndices de rejei\u00e7\u00e3o de Temer batam novos recordes, desta vez havia um \u00fanico manifestante, um homem que h\u00e1 muito tempo percorre o pa\u00eds imitando a figura de Cristo na cruz. A falta de resposta das ruas facilitou a situa\u00e7\u00e3o para aliados de Temer. A bandeira do patriotismo serviu-lhes no ano passado para derrubar Dilma e voltou a servir-lhes contra as evid\u00eancias encontradas pelo procurador-geral, Rodrigo Janot, e a pol\u00edcia de que o presidente, atrav\u00e9s de um intermedi\u00e1rio, acordou o pagamento de subornos com um dos homens mais ricos do pa\u00eds, o magnata da JBS, Joesley Batista. A queda de Temer \u2013 alegaram seus defensores, um depois do outro \u2013 comprometeria a incipiente recupera\u00e7\u00e3o econ\u00f4mica e o programa de reformas liberais, al\u00e9m de afundar ainda mais o pa\u00eds na instabilidade pol\u00edtica. \u201cO Brasil est\u00e1 acima de tudo\u201d, repetiram. Apesar das exorta\u00e7\u00f5es, o placar obtido por Temer n\u00e3o \u00e9 animador para a reformas. Esse tipo de projeto, como as mudan\u00e7as previdenci\u00e1rias, precisa de 308 votos na C\u00e2mara, mais do que os apoios diretos, que foram 264, al\u00e9m de 19 aus\u00eancias e duas absten\u00e7\u00f5es. Seja como for, os argumentos n\u00e3o conseguiram sufocar as queixas de deputados como o pernambucano Silvio Costa (PTdoB): \u201cN\u00e3o percebem que estamos oficializando a corrup\u00e7\u00e3o?\u201d.<\/p>\n<section id=\"sumario_3|despiece\" class=\"sumario_despiece centro\">\n<h4 class=\"sumario-encabezado\"><span class=\"sin_enlace\">A EXPECTATIVA SE VOLTAM PARA JANOT<\/span><\/h4>\n<div class=\"sumario-texto\">\n<p>H\u00e1, no entanto, a expectativa de que <a href=\"https:\/\/brasil.elpais.com\/brasil\/2017\/07\/27\/politica\/1501187111_082204.html\">Rodrigo Janot apresente mais uma ou duas den\u00fancias contra Temer<\/a> por crimes como forma\u00e7\u00e3o de quadrilha e obstru\u00e7\u00e3o de Justi\u00e7a. Caso sejam apresentadas, as novas acusa\u00e7\u00f5es ter\u00e3o de percorrer todo o caminho de novo (primeiro na Comiss\u00e3o de Constitui\u00e7\u00e3o e Justi\u00e7a, e s\u00f3 depois no plen\u00e1rio da C\u00e2mara novamente). O peemedebista foi o <a href=\"https:\/\/brasil.elpais.com\/brasil\/2017\/06\/27\/politica\/1498518532_904635.html\">primeiro presidente brasileiro no exerc\u00edcio do mandato a ser denunciado<\/a> por um crime comum pela Procuradoria-Geral da Rep\u00fablica.<\/p>\n<p>Fonte: <a href=\"https:\/\/brasil.elpais.com\/brasil\/2017\/08\/02\/politica\/1501690069_022233.html\">El Pa\u00eds<\/a><\/p>\n<\/div>\n<\/section>\n","protected":false},"excerpt":{"rendered":"<p>A C\u00e2mara dos Deputados salvaram nesta quarta-feira o presidente Michel Temer\u00a0de uma den\u00fancia do Minist\u00e9rio P\u00fablico por suposto recebimento de propina. A alian\u00e7a de centro-direita que em abril de 2016 acabou com 13 anos de Governo do esquerdista PT conseguiu os apoios&hellip;<\/p>\n","protected":false},"author":1,"featured_media":548,"comment_status":"open","ping_status":"open","sticky":false,"template":"","format":"standard","meta":{"footnotes":""},"categories":[4],"tags":[98,60,139,11],"_links":{"self":[{"href":"https:\/\/pertinente.com.br\/site\/wp-json\/wp\/v2\/posts\/547"}],"collection":[{"href":"https:\/\/pertinente.com.br\/site\/wp-json\/wp\/v2\/posts"}],"about":[{"href":"https:\/\/pertinente.com.br\/site\/wp-json\/wp\/v2\/types\/post"}],"author":[{"embeddable":true,"href":"https:\/\/pertinente.com.br\/site\/wp-json\/wp\/v2\/users\/1"}],"replies":[{"embeddable":true,"href":"https:\/\/pertinente.com.br\/site\/wp-json\/wp\/v2\/comments?post=547"}],"version-history":[{"count":4,"href":"https:\/\/pertinente.com.br\/site\/wp-json\/wp\/v2\/posts\/547\/revisions"}],"predecessor-version":[{"id":552,"href":"https:\/\/pertinente.com.br\/site\/wp-json\/wp\/v2\/posts\/547\/revisions\/552"}],"wp:featuredmedia":[{"embeddable":true,"href":"https:\/\/pertinente.com.br\/site\/wp-json\/wp\/v2\/media\/548"}],"wp:attachment":[{"href":"https:\/\/pertinente.com.br\/site\/wp-json\/wp\/v2\/media?parent=547"}],"wp:term":[{"taxonomy":"category","embeddable":true,"href":"https:\/\/pertinente.com.br\/site\/wp-json\/wp\/v2\/categories?post=547"},{"taxonomy":"post_tag","embeddable":true,"href":"https:\/\/pertinente.com.br\/site\/wp-json\/wp\/v2\/tags?post=547"}],"curies":[{"name":"wp","href":"https:\/\/api.w.org\/{rel}","templated":true}]}}