{"id":589,"date":"2017-09-02T18:52:51","date_gmt":"2017-09-02T18:52:51","guid":{"rendered":"http:\/\/pertinente.com.br\/site\/?p=589"},"modified":"2017-09-02T18:54:34","modified_gmt":"2017-09-02T18:54:34","slug":"sem-citar-temer-janot-chama-rocha-loures-de-intermediario-do-lider-da-organizacao-criminosa","status":"publish","type":"post","link":"https:\/\/pertinente.com.br\/site\/2017\/09\/02\/sem-citar-temer-janot-chama-rocha-loures-de-intermediario-do-lider-da-organizacao-criminosa\/","title":{"rendered":"Sem citar diretamente Temer, Janot chama Rocha Loures de intermedi\u00e1rio do &#8220;l\u00edder da organiza\u00e7\u00e3o criminosa&#8221;"},"content":{"rendered":"<p class=\"canvas-atom canvas-text Mb(1.0em) Mb(0)--sm Mt(0.8em)--sm\" style=\"text-align: center;\" data-reactid=\"23\"><a href=\"http:\/\/pertinente.com.br\/site\/wp-content\/uploads\/2017\/09\/1432251176_476024_1432251687_noticia_normal.jpg\"><img loading=\"lazy\" decoding=\"async\" class=\"alignnone size-full wp-image-590\" src=\"http:\/\/pertinente.com.br\/site\/wp-content\/uploads\/2017\/09\/1432251176_476024_1432251687_noticia_normal.jpg\" alt=\"\" width=\"560\" height=\"373\" srcset=\"https:\/\/pertinente.com.br\/site\/wp-content\/uploads\/2017\/09\/1432251176_476024_1432251687_noticia_normal.jpg 560w, https:\/\/pertinente.com.br\/site\/wp-content\/uploads\/2017\/09\/1432251176_476024_1432251687_noticia_normal-300x200.jpg 300w\" sizes=\"(max-width: 560px) 100vw, 560px\" \/><\/a><\/p>\n<p class=\"canvas-atom canvas-text Mb(1.0em) Mb(0)--sm Mt(0.8em)--sm\" data-reactid=\"23\">BRAS\u00cdLIA (Reuters) &#8211; Sem mencionar o presidente Michel Temer, o procurador-geral da Rep\u00fablica, Rodrigo Janot, afirmou em manifesta\u00e7\u00e3o encaminhada ao STF que o ex-deputado e ex-assessor especial da Presid\u00eancia Rodrigo Rocha Loures era um &#8220;intermedi\u00e1rio do l\u00edder da organiza\u00e7\u00e3o criminosa&#8221; e disse ainda que o ex-presidente da C\u00e2mara Eduardo Cunha era &#8220;um dos mandantes do esquema esp\u00fario&#8221;.<\/p>\n<p class=\"canvas-atom canvas-text Mb(1.0em) Mb(0)--sm Mt(0.8em)--sm\" data-reactid=\"24\">&#8220;Como se v\u00ea, n\u00e3o h\u00e1 identidade ou similaridade relevante entre circunst\u00e2ncias f\u00e1ticas que fundamentaram as pris\u00f5es preventivas de Rodrigo Rocha Loures e Eduardo Cunha&#8221;, disse Janot.<\/p>\n<p class=\"canvas-atom canvas-text Mb(1.0em) Mb(0)--sm Mt(0.8em)--sm\" data-reactid=\"25\">&#8220;Enquanto um deles era um intermedi\u00e1rio do l\u00edder da organiza\u00e7\u00e3o criminosa, o requerente era virtualmente um dos mandantes do esquema esp\u00fario, ao qual coube, por anos, articular diversas pessoas nos mais variados n\u00edveis do Estado para instrumentalizar a m\u00e1quina p\u00fablica no atendimento de interesses privados. Sua periculosidade \u00e9 tamanha que, mesmo preso, ainda intimida grandes empres\u00e1rios e agentes pol\u00edticos destacados, incluindo o Presidente da Rep\u00fablica&#8221;, acrescentou.<\/p>\n<p class=\"canvas-atom canvas-text Mb(1.0em) Mb(0)--sm Mt(0.8em)--sm\" data-reactid=\"26\">O coment\u00e1rio do procurador-geral \u00e9 mais uma indica\u00e7\u00e3o de que dever\u00e1 denunciar novamente Temer ao Supremo Tribunal Federal antes de deixar o cargo, no dia 17 de setembro.<\/p>\n<p class=\"canvas-atom canvas-text Mb(1.0em) Mb(0)--sm Mt(0.8em)--sm\" data-reactid=\"27\">Janot manifestou-se contrariamente ao pedido da defesa de Cunha para estender a ele a liberdade concedida a Rocha Loures. No texto, de 29 p\u00e1ginas, o procurador-geral afirmou que n\u00e3o h\u00e1 qualquer rela\u00e7\u00e3o entre as condutas praticadas pelos dois a fim de justificar tal decis\u00e3o.<\/p>\n<p class=\"canvas-atom canvas-text Mb(1.0em) Mb(0)--sm Mt(0.8em)--sm\" data-reactid=\"28\">Para o chefe do Minist\u00e9rio P\u00fablico Federal, Rocha Loures era &#8220;mero mandat\u00e1rio&#8221; de outro agente enquanto a participa\u00e7\u00e3o de Cunha no esquema criminoso era muito mais relevante. Segundo ele, o PMDB montou uma organiza\u00e7\u00e3o criminosa, da qual Cunha era &#8220;um dos mais importantes atores&#8221;, a ponto de instrumentalizar a presid\u00eancia da C\u00e2mara para a &#8220;reiterada pr\u00e1tica de crimes&#8221;.<\/p>\n<p class=\"canvas-atom canvas-text Mb(1.0em) Mb(0)--sm Mt(0.8em)--sm\" data-reactid=\"29\">&#8220;Nesse sentido, a participa\u00e7\u00e3o do requerente nos aparatos il\u00edcitos (ao menos parcialmente) desarticulados por meio da &#8216;Opera\u00e7\u00e3o Patmos&#8217; \u00e9 significativamente mais gravosa que a de Rodrigo Rocha Loures&#8221;, disse Janot, ao comentar que Cunha usava principalmente sua capacidade de influenciar os colegas da C\u00e2mara para a pr\u00e1tica de cometer delitos &#8220;de toda sorte&#8221;.<\/p>\n<p class=\"canvas-atom canvas-text Mb(1.0em) Mb(0)--sm Mt(0.8em)--sm\" data-reactid=\"30\">Para manter o ex-presidente da C\u00e2mara na cadeia &#8211;ele j\u00e1 foi condenado pela opera\u00e7\u00e3o Lava Jato&#8211;, Janot refor\u00e7ou ainda que, mesmo com pris\u00e3o preventiva tamb\u00e9m decretada na opera\u00e7\u00e3o deflagrada a partir da dela\u00e7\u00e3o de executivos da J&amp;F, foi insuficiente para coibir a atividade delinquente dele.<\/p>\n<p class=\"canvas-atom canvas-text Mb(1.0em) Mb(0)--sm Mt(0.8em)--sm\" data-reactid=\"31\">&#8220;Nesse per\u00edodo, n\u00e3o s\u00f3 recebeu valores indevidos como se articulou com outros membros da organiza\u00e7\u00e3o criminosa &#8211;em particular L\u00facio Bolonha Funaro&#8211; para obstar e criar embara\u00e7os \u00e0s investiga\u00e7\u00f5es em curso&#8221;, destacou Janot.<\/p>\n<p>Fonte: <a href=\"https:\/\/br.noticias.yahoo.com\/sem-citar-temer-janot-chama-rocha-loures-intermedi\u00e1rio-230656147.html\">Yahoo<\/a><\/p>\n","protected":false},"excerpt":{"rendered":"<p>BRAS\u00cdLIA (Reuters) &#8211; Sem mencionar o presidente Michel Temer, o procurador-geral da Rep\u00fablica, Rodrigo Janot, afirmou em manifesta\u00e7\u00e3o encaminhada ao STF que o ex-deputado e ex-assessor especial da Presid\u00eancia Rodrigo Rocha Loures era um &#8220;intermedi\u00e1rio do l\u00edder da organiza\u00e7\u00e3o criminosa&#8221; e disse&hellip;<\/p>\n","protected":false},"author":1,"featured_media":590,"comment_status":"open","ping_status":"open","sticky":false,"template":"","format":"standard","meta":{"footnotes":""},"categories":[4],"tags":[138,160,11],"_links":{"self":[{"href":"https:\/\/pertinente.com.br\/site\/wp-json\/wp\/v2\/posts\/589"}],"collection":[{"href":"https:\/\/pertinente.com.br\/site\/wp-json\/wp\/v2\/posts"}],"about":[{"href":"https:\/\/pertinente.com.br\/site\/wp-json\/wp\/v2\/types\/post"}],"author":[{"embeddable":true,"href":"https:\/\/pertinente.com.br\/site\/wp-json\/wp\/v2\/users\/1"}],"replies":[{"embeddable":true,"href":"https:\/\/pertinente.com.br\/site\/wp-json\/wp\/v2\/comments?post=589"}],"version-history":[{"count":3,"href":"https:\/\/pertinente.com.br\/site\/wp-json\/wp\/v2\/posts\/589\/revisions"}],"predecessor-version":[{"id":593,"href":"https:\/\/pertinente.com.br\/site\/wp-json\/wp\/v2\/posts\/589\/revisions\/593"}],"wp:featuredmedia":[{"embeddable":true,"href":"https:\/\/pertinente.com.br\/site\/wp-json\/wp\/v2\/media\/590"}],"wp:attachment":[{"href":"https:\/\/pertinente.com.br\/site\/wp-json\/wp\/v2\/media?parent=589"}],"wp:term":[{"taxonomy":"category","embeddable":true,"href":"https:\/\/pertinente.com.br\/site\/wp-json\/wp\/v2\/categories?post=589"},{"taxonomy":"post_tag","embeddable":true,"href":"https:\/\/pertinente.com.br\/site\/wp-json\/wp\/v2\/tags?post=589"}],"curies":[{"name":"wp","href":"https:\/\/api.w.org\/{rel}","templated":true}]}}