{"id":595,"date":"2017-09-06T18:54:16","date_gmt":"2017-09-06T18:54:16","guid":{"rendered":"http:\/\/pertinente.com.br\/site\/?p=595"},"modified":"2017-09-06T18:54:16","modified_gmt":"2017-09-06T18:54:16","slug":"dinheiro-atribuido-a-geddel-em-bunker-chega-a-r-51-milhoes","status":"publish","type":"post","link":"https:\/\/pertinente.com.br\/site\/2017\/09\/06\/dinheiro-atribuido-a-geddel-em-bunker-chega-a-r-51-milhoes\/","title":{"rendered":"Dinheiro atribu\u00eddo a Geddel em &#8216;bunker&#8217; chega a R$ 51 milh\u00f5es"},"content":{"rendered":"<p><a href=\"http:\/\/pertinente.com.br\/site\/wp-content\/uploads\/2017\/09\/operaccca7acc83o-tesouro-perdido-2.jpeg\"><img loading=\"lazy\" decoding=\"async\" class=\"size-full wp-image-598 aligncenter\" src=\"http:\/\/pertinente.com.br\/site\/wp-content\/uploads\/2017\/09\/operaccca7acc83o-tesouro-perdido-2.jpeg\" alt=\"\" width=\"1000\" height=\"666\" srcset=\"https:\/\/pertinente.com.br\/site\/wp-content\/uploads\/2017\/09\/operaccca7acc83o-tesouro-perdido-2.jpeg 1000w, https:\/\/pertinente.com.br\/site\/wp-content\/uploads\/2017\/09\/operaccca7acc83o-tesouro-perdido-2-300x200.jpeg 300w, https:\/\/pertinente.com.br\/site\/wp-content\/uploads\/2017\/09\/operaccca7acc83o-tesouro-perdido-2-768x511.jpeg 768w\" sizes=\"(max-width: 1000px) 100vw, 1000px\" \/><\/a>A Pol\u00edcia Federal contabilizou cerca de R$ 42,6 milh\u00f5es e US$ 2,7 milh\u00f5es (R$ 8,4 milh\u00f5es) nas malas apreendidas ontem em um apartamento que seria <a href=\"http:\/\/m.folha.uol.com.br\/poder\/2017\/09\/1915941-pf-encontra-bunker-em-salvador-e-vincula-a-ex-ministro-geddel.shtml?mobile\" data-href=\"http:\/\/www1.folha.uol.com.br\/poder\/2017\/09\/1915941-pf-encontra-bunker-em-salvador-e-vincula-a-ex-ministro-geddel.shtml\">utilizado como &#8220;bunker&#8221;<\/a> pelo ex-ministro Geddel Vieira Lima (PMDB-BA), em Salvador.<\/p>\n<p>O trabalho de contagem durou mais de 14 horas e sete m\u00e1quinas foram utilizadas. A PF diz que \u00e9 a maior apreens\u00e3o de dinheiro em esp\u00e9cie da hist\u00f3ria.<\/p>\n<p>A opera\u00e7\u00e3o, batizada de Tesouro Perdido, foi deflagrada na manh\u00e3 desta ter\u00e7a (05) e \u00e9 desdobramento de outra investiga\u00e7\u00e3o, sobre fraudes em libera\u00e7\u00f5es de empr\u00e9stimos na Caixa, a Cui Bono.<\/p>\n<p><a href=\"http:\/\/www1.folha.uol.com.br\/poder\/2017\/09\/1916302-empresario-confirma-que-emprestou-apartamento-a-geddel.shtml\">Empres\u00e1rio confirma que emprestou o apartamento, onde estavam os dos 51 milh\u00f5es, a Geddel<\/a><\/p>\n<p>Fonte: <a href=\"http:\/\/www1.folha.uol.com.br\/poder\/2017\/09\/1916302-empresario-confirma-que-emprestou-apartamento-a-geddel.shtml\">Folha<\/a><\/p>\n<div id=\"banner-1x1-area\" data-google-query-id=\"CKj49KfDkNYCFdMNkQod3egCGQ\"><\/div>\n","protected":false},"excerpt":{"rendered":"<p>A Pol\u00edcia Federal contabilizou cerca de R$ 42,6 milh\u00f5es e US$ 2,7 milh\u00f5es (R$ 8,4 milh\u00f5es) nas malas apreendidas ontem em um apartamento que seria utilizado como &#8220;bunker&#8221; pelo ex-ministro Geddel Vieira Lima (PMDB-BA), em Salvador. O trabalho de contagem durou mais&hellip;<\/p>\n","protected":false},"author":1,"featured_media":598,"comment_status":"open","ping_status":"open","sticky":false,"template":"","format":"standard","meta":{"footnotes":""},"categories":[4],"tags":[98,130,117,161,162,11],"_links":{"self":[{"href":"https:\/\/pertinente.com.br\/site\/wp-json\/wp\/v2\/posts\/595"}],"collection":[{"href":"https:\/\/pertinente.com.br\/site\/wp-json\/wp\/v2\/posts"}],"about":[{"href":"https:\/\/pertinente.com.br\/site\/wp-json\/wp\/v2\/types\/post"}],"author":[{"embeddable":true,"href":"https:\/\/pertinente.com.br\/site\/wp-json\/wp\/v2\/users\/1"}],"replies":[{"embeddable":true,"href":"https:\/\/pertinente.com.br\/site\/wp-json\/wp\/v2\/comments?post=595"}],"version-history":[{"count":3,"href":"https:\/\/pertinente.com.br\/site\/wp-json\/wp\/v2\/posts\/595\/revisions"}],"predecessor-version":[{"id":599,"href":"https:\/\/pertinente.com.br\/site\/wp-json\/wp\/v2\/posts\/595\/revisions\/599"}],"wp:featuredmedia":[{"embeddable":true,"href":"https:\/\/pertinente.com.br\/site\/wp-json\/wp\/v2\/media\/598"}],"wp:attachment":[{"href":"https:\/\/pertinente.com.br\/site\/wp-json\/wp\/v2\/media?parent=595"}],"wp:term":[{"taxonomy":"category","embeddable":true,"href":"https:\/\/pertinente.com.br\/site\/wp-json\/wp\/v2\/categories?post=595"},{"taxonomy":"post_tag","embeddable":true,"href":"https:\/\/pertinente.com.br\/site\/wp-json\/wp\/v2\/tags?post=595"}],"curies":[{"name":"wp","href":"https:\/\/api.w.org\/{rel}","templated":true}]}}