{"id":604,"date":"2017-09-08T14:31:53","date_gmt":"2017-09-08T14:31:53","guid":{"rendered":"http:\/\/pertinente.com.br\/site\/?p=604"},"modified":"2017-09-08T14:31:53","modified_gmt":"2017-09-08T14:31:53","slug":"janot-denuncia-lula-e-dilma-ao-stf-por-obstrucao-de-justica","status":"publish","type":"post","link":"https:\/\/pertinente.com.br\/site\/2017\/09\/08\/janot-denuncia-lula-e-dilma-ao-stf-por-obstrucao-de-justica\/","title":{"rendered":"Janot denuncia Lula e Dilma ao STF por obstru\u00e7\u00e3o de justi\u00e7a"},"content":{"rendered":"<p><a href=\"http:\/\/pertinente.com.br\/site\/wp-content\/uploads\/2017\/09\/1084736-mcamgo_abr_2507171641_25.07.17.jpg\"><img loading=\"lazy\" decoding=\"async\" class=\"wp-image-605 aligncenter\" src=\"http:\/\/pertinente.com.br\/site\/wp-content\/uploads\/2017\/09\/1084736-mcamgo_abr_2507171641_25.07.17.jpg\" alt=\"\" width=\"521\" height=\"301\" \/><\/a><\/p>\n<p>O procurador-geral da Rep\u00fablica, Rodrigo Janot, apresentou na \u00faltima quarta-feira (6) nova den\u00fancia contra a ex-presidenta Dilma Rousseff e o ex-presidente Luiz In\u00e1cio Lula da Silva, por suposto crime de obstru\u00e7\u00e3o de Justi\u00e7a. No entendimento de Janot, a nomea\u00e7\u00e3o de Lula para ministro da Casa Civil em 2016 teve objetivo de combater as investiga\u00e7\u00f5es porque ele j\u00e1 figurava como r\u00e9u em um dos processos da Lava Jato. O ex-ministro Aloizio Mercadante tamb\u00e9m foi denunciado.<\/p>\n<p>Em mar\u00e7o de 2016, por uma decis\u00e3o liminar do ministro do Supremo Tribunal Federal (STF) Gilmar Mendes, a nomea\u00e7\u00e3o de Lula foi suspensa, por entender que a nomea\u00e7\u00e3o para o cargo teve o objetivo de retirar a compet\u00eancia do juiz federal S\u00e9rgio Moro, respons\u00e1vel pelos processos da Opera\u00e7\u00e3o Lava Jato, para julg\u00e1-lo e passar a tarefa ao Supremo, inst\u00e2ncia que julga ministros de Estado.<\/p>\n<p>Ter\u00e7a-feira (5), Janot apresentou outra den\u00fancia contra Lula e Dilma, al\u00e9m dos ex-ministros da Fazenda Guido Mantega e Antonio Palocci, pelo crime de organiza\u00e7\u00e3o criminosa. Na den\u00fancia, Janot sustenta que os acusados formaram uma organiza\u00e7\u00e3o criminosa no Partido dos Trabalhadores (PT) para receber propina desviada da Petrobras durante as investiga\u00e7\u00f5es da Opera\u00e7\u00e3o Lava Jato.<\/p>\n<h4><strong>Outro lado<\/strong><\/h4>\n<p>Em nota, a defesa do ex-presidente Lula declarou que Janot tem atua\u00e7\u00e3o \u201cafoita e atabalhoada\u201d nos \u00faltimos dias do seu mandato. \u201cEssa \u00e9 a den\u00fancia apresentada pelo Procurador-Geral da Rep\u00fablica para o pr\u00f3prio Supremo Tribunal Federal, talvez na busca de gerar algum ru\u00eddo midi\u00e1tico que encubra questionamentos sobre sua atua\u00e7\u00e3o no crep\u00fasculo do seu mandato\u201d, diz o texto.<\/p>\n<p>A assessoria de Mercadante disse que o ex-ministro foi absolvido das mesmas acusa\u00e7\u00f5es pela Comiss\u00e3o de \u00c9tica P\u00fablica da Presid\u00eancia da Rep\u00fablica. Em nota, os assessores tamb\u00e9m destacam que a dela\u00e7\u00e3o do ex-senador Delc\u00eddio do Amaral, usada pela PGR para basear as acusa\u00e7\u00f5es, \u00e9 questionada pelo pr\u00f3prio Minist\u00e9rio P\u00fablico.<\/p>\n<p>\u201cPor tudo isso, temos plena convic\u00e7\u00e3o, que agora na Justi\u00e7a, teremos uma nova oportunidade de absolvi\u00e7\u00e3o definitiva desta mesma den\u00fancia j\u00e1 julgada pela Comiss\u00e3o de \u00c9tica P\u00fablica\u201d, diz a nota de Mercadante.<\/p>\n<p>A ex-presidenta Dilma considerou lament\u00e1vel que o procurador-geral da Rep\u00fablica fa\u00e7a duas den\u00fancias seguidas em menos de 24 horas com base em \u201cprovas ilegais e nulas\u201d. Dilma tamb\u00e9m questionou que a divulga\u00e7\u00e3o de uma conversa dela com o ex-presidente Lula, pelo juiz S\u00e9rgio Moro, n\u00e3o tenha sido investigada.<\/p>\n<p>\u201c\u00c9 curiosa a invers\u00e3o de pap\u00e9is. Os que praticam abusos de direitos e vazamentos ilegais de informa\u00e7\u00f5es recobertas pelo sigilo legal n\u00e3o s\u00e3o sequer investigados e seus delitos punidos. Os que s\u00e3o v\u00edtimas destas situa\u00e7\u00f5es abusivas e il\u00edcitas, ao ver do procurador-geral da Rep\u00fablica, devem ser transformados em r\u00e9us de uma a\u00e7\u00e3o penal. A presidenta eleita Dilma Rousseff acredita na Justi\u00e7a. A verdade ser\u00e1 restabelecida nos autos dos processos e na hist\u00f3ria\u201d, diz nota divulgada por sua assessoria.<\/p>\n<p>Fonte: <a href=\"http:\/\/agenciabrasil.ebc.com.br\/geral\/noticia\/2017-09\/pgr-apresenta-nova-denuncia-contra-lula-e-dilma-agora-por-obstrucao-de-justica\">Ag\u00eancia Brasil<\/a><\/p>\n","protected":false},"excerpt":{"rendered":"<p>O procurador-geral da Rep\u00fablica, Rodrigo Janot, apresentou na \u00faltima quarta-feira (6) nova den\u00fancia contra a ex-presidenta Dilma Rousseff e o ex-presidente Luiz In\u00e1cio Lula da Silva, por suposto crime de obstru\u00e7\u00e3o de Justi\u00e7a. No entendimento de Janot, a nomea\u00e7\u00e3o de Lula para&hellip;<\/p>\n","protected":false},"author":1,"featured_media":605,"comment_status":"open","ping_status":"open","sticky":false,"template":"","format":"standard","meta":{"footnotes":""},"categories":[4],"tags":[60,10,138,20,165],"_links":{"self":[{"href":"https:\/\/pertinente.com.br\/site\/wp-json\/wp\/v2\/posts\/604"}],"collection":[{"href":"https:\/\/pertinente.com.br\/site\/wp-json\/wp\/v2\/posts"}],"about":[{"href":"https:\/\/pertinente.com.br\/site\/wp-json\/wp\/v2\/types\/post"}],"author":[{"embeddable":true,"href":"https:\/\/pertinente.com.br\/site\/wp-json\/wp\/v2\/users\/1"}],"replies":[{"embeddable":true,"href":"https:\/\/pertinente.com.br\/site\/wp-json\/wp\/v2\/comments?post=604"}],"version-history":[{"count":1,"href":"https:\/\/pertinente.com.br\/site\/wp-json\/wp\/v2\/posts\/604\/revisions"}],"predecessor-version":[{"id":606,"href":"https:\/\/pertinente.com.br\/site\/wp-json\/wp\/v2\/posts\/604\/revisions\/606"}],"wp:featuredmedia":[{"embeddable":true,"href":"https:\/\/pertinente.com.br\/site\/wp-json\/wp\/v2\/media\/605"}],"wp:attachment":[{"href":"https:\/\/pertinente.com.br\/site\/wp-json\/wp\/v2\/media?parent=604"}],"wp:term":[{"taxonomy":"category","embeddable":true,"href":"https:\/\/pertinente.com.br\/site\/wp-json\/wp\/v2\/categories?post=604"},{"taxonomy":"post_tag","embeddable":true,"href":"https:\/\/pertinente.com.br\/site\/wp-json\/wp\/v2\/tags?post=604"}],"curies":[{"name":"wp","href":"https:\/\/api.w.org\/{rel}","templated":true}]}}