{"id":607,"date":"2017-09-08T14:36:11","date_gmt":"2017-09-08T14:36:11","guid":{"rendered":"http:\/\/pertinente.com.br\/site\/?p=607"},"modified":"2017-09-08T15:04:07","modified_gmt":"2017-09-08T15:04:07","slug":"pf-prende-geddel-depois-da-descoberta-dos-r-51-milhoes","status":"publish","type":"post","link":"https:\/\/pertinente.com.br\/site\/2017\/09\/08\/pf-prende-geddel-depois-da-descoberta-dos-r-51-milhoes\/","title":{"rendered":"PF prende Geddel, depois da descoberta dos R$ 51 milh\u00f5es"},"content":{"rendered":"<p><a href=\"http:\/\/pertinente.com.br\/site\/wp-content\/uploads\/2017\/09\/geddel-680x445.jpg\"><img loading=\"lazy\" decoding=\"async\" class=\"size-full wp-image-612 aligncenter\" src=\"http:\/\/pertinente.com.br\/site\/wp-content\/uploads\/2017\/09\/geddel-680x445.jpg\" alt=\"\" width=\"680\" height=\"445\" srcset=\"https:\/\/pertinente.com.br\/site\/wp-content\/uploads\/2017\/09\/geddel-680x445.jpg 680w, https:\/\/pertinente.com.br\/site\/wp-content\/uploads\/2017\/09\/geddel-680x445-300x196.jpg 300w\" sizes=\"(max-width: 680px) 100vw, 680px\" \/><\/a><\/p>\n<p id=\"yui_3_18_0_3_1504877971144_1527\">A Pol\u00edcia Federal prendeu o ex-ministro Geddel Vieira Lima (PMDB), que deixou sua resid\u00eancia em Salvador cobrindo o rosto com uma pasta. O ex-ministro estava em pris\u00e3o domiciliar.<\/p>\n<p>Ele est\u00e1 sendo levado para o aeroporto e viajar\u00e1 para Bras\u00edlia. Geddel deve ir inicialmente para a carceragem da PF e depois pode ser transferido para o pres\u00eddio da Papuda.<\/p>\n<p>Desde que o montante de R$ 51 milh\u00f5es foi encontrado, a defesa do ex-ministro n\u00e3o se pronunciou e nem atendeu mais liga\u00e7\u00f5es. Antes, o advogado vinha negando acusa\u00e7\u00f5es.<\/p>\n<p>A PF chegou ao pr\u00e9dio de Geddel, em Salvador, no bairro Jardim Apipema, por volta de 5h40, em dois carros.<\/p>\n<p>Um vendedor ambulante foi escolhido para subir ao apartamento do ex-ministro como testemunha.<\/p>\n<p>Houve aplausos e buzinas de pessoas que passavam quando a PF deixou a garagem com Geddel no banco de tr\u00e1s.<\/p>\n<p>A decis\u00e3o que a pol\u00edcia est\u00e1 em m\u00e3os \u00e9 da 10\u00aa Vara Federal de Bras\u00edlia, mas ainda est\u00e1 em sigilo.<\/p>\n<p>Al\u00e9m do ex-ministro, foi preso Gustavo Ferraz, ex-assessor de Geddel, tamb\u00e9m do PMDB, atualmente diretor da Defesa Civil de Salvador, e tr\u00eas mandados de busca e apreens\u00e3o foram cumpridos. Segundo justificativa do pedido, a pris\u00e3o \u00e9 para evitar \u201ca destrui\u00e7\u00e3o de provas imprescind\u00edveis \u00e0 elucida\u00e7\u00e3o dos fatos\u201d.<\/p>\n<h4>\u2018BUNKER\u2019<\/h4>\n<p>O pedido (feito pela PF e endossado pelo Minist\u00e9rio P\u00fablico Federal) acontece ap\u00f3s a PF ter encontrado na ter\u00e7a (5) R$ 51 milh\u00f5es em esp\u00e9cie escondidos em caixas e malas em um \u201cbunker\u201d ligado ao peemedebista, tamb\u00e9m em Salvador.<\/p>\n<p>A opera\u00e7\u00e3o batizada de Tesouro Perdido, que foi deflagrada na manh\u00e3 da ter\u00e7a (5), \u00e9 um desdobramento de outra investiga\u00e7\u00e3o, sobre fraudes em libera\u00e7\u00f5es de empr\u00e9stimos na Caixa, a Cui Bono.<\/p>\n<p>Foram encontradas digitais dele e de Ferraz.<\/p>\n<p>Geddel cumpria pris\u00e3o domiciliar desde o dia 12 de julho. Ele foi preso no dia 3 de julho, acusado de tentativa de obstru\u00e7\u00e3o de Justi\u00e7a, e depois conseguiu habeas corpus.<\/p>\n<h4>CUI BONO<\/h4>\n<p>A opera\u00e7\u00e3o apura a atua\u00e7\u00e3o de Geddel e outras pessoas na manipula\u00e7\u00e3o de cr\u00e9ditos e recursos realizada em duas \u00e1reas da Caixa Econ\u00f4mica Federal.<\/p>\n<p>O ex-presidente da C\u00e2mara Eduardo Cunha e o corretor de valores L\u00facio Funaro s\u00e3o tamb\u00e9m alvos da investiga\u00e7\u00e3o, que come\u00e7ou no ano passado.<\/p>\n<p id=\"yui_3_18_0_3_1504877971144_1647\">Geddel \u00e9 acusado de ter recebido R$ 20 milh\u00f5es de propina em troca de aprova\u00e7\u00e3o de empr\u00e9stimos no banco ou de libera\u00e7\u00e3o de cr\u00e9ditos do FI-FGTS para beneficiar empresas.<\/p>\n<p>Fonte: <a href=\"https:\/\/br.yahoo.com\/noticias\/pf-prende-geddel-ap%C3%B3s-descoberta-111000690.html\">Yahoo!<\/a><\/p>\n","protected":false},"excerpt":{"rendered":"<p>A Pol\u00edcia Federal prendeu o ex-ministro Geddel Vieira Lima (PMDB), que deixou sua resid\u00eancia em Salvador cobrindo o rosto com uma pasta. O ex-ministro estava em pris\u00e3o domiciliar. Ele est\u00e1 sendo levado para o aeroporto e viajar\u00e1 para Bras\u00edlia. Geddel deve ir&hellip;<\/p>\n","protected":false},"author":1,"featured_media":612,"comment_status":"open","ping_status":"open","sticky":false,"template":"","format":"standard","meta":{"footnotes":""},"categories":[4],"tags":[163,117,164,99,71],"_links":{"self":[{"href":"https:\/\/pertinente.com.br\/site\/wp-json\/wp\/v2\/posts\/607"}],"collection":[{"href":"https:\/\/pertinente.com.br\/site\/wp-json\/wp\/v2\/posts"}],"about":[{"href":"https:\/\/pertinente.com.br\/site\/wp-json\/wp\/v2\/types\/post"}],"author":[{"embeddable":true,"href":"https:\/\/pertinente.com.br\/site\/wp-json\/wp\/v2\/users\/1"}],"replies":[{"embeddable":true,"href":"https:\/\/pertinente.com.br\/site\/wp-json\/wp\/v2\/comments?post=607"}],"version-history":[{"count":3,"href":"https:\/\/pertinente.com.br\/site\/wp-json\/wp\/v2\/posts\/607\/revisions"}],"predecessor-version":[{"id":614,"href":"https:\/\/pertinente.com.br\/site\/wp-json\/wp\/v2\/posts\/607\/revisions\/614"}],"wp:featuredmedia":[{"embeddable":true,"href":"https:\/\/pertinente.com.br\/site\/wp-json\/wp\/v2\/media\/612"}],"wp:attachment":[{"href":"https:\/\/pertinente.com.br\/site\/wp-json\/wp\/v2\/media?parent=607"}],"wp:term":[{"taxonomy":"category","embeddable":true,"href":"https:\/\/pertinente.com.br\/site\/wp-json\/wp\/v2\/categories?post=607"},{"taxonomy":"post_tag","embeddable":true,"href":"https:\/\/pertinente.com.br\/site\/wp-json\/wp\/v2\/tags?post=607"}],"curies":[{"name":"wp","href":"https:\/\/api.w.org\/{rel}","templated":true}]}}