{"id":615,"date":"2017-09-08T22:02:11","date_gmt":"2017-09-08T22:02:11","guid":{"rendered":"http:\/\/pertinente.com.br\/site\/?p=615"},"modified":"2017-09-08T22:02:11","modified_gmt":"2017-09-08T22:02:11","slug":"janot-denuncia-politicos-do-pmdb-do-senado-por-organizacao-criminosa","status":"publish","type":"post","link":"https:\/\/pertinente.com.br\/site\/2017\/09\/08\/janot-denuncia-politicos-do-pmdb-do-senado-por-organizacao-criminosa\/","title":{"rendered":"Janot denuncia pol\u00edticos do PMDB do Senado por organiza\u00e7\u00e3o criminosa"},"content":{"rendered":"<p><a href=\"http:\/\/pertinente.com.br\/site\/wp-content\/uploads\/2017\/09\/5ic2tg6yry_7j0u5f0mf0_file.jpeg\"><img loading=\"lazy\" decoding=\"async\" class=\"size-full wp-image-616 aligncenter\" src=\"http:\/\/pertinente.com.br\/site\/wp-content\/uploads\/2017\/09\/5ic2tg6yry_7j0u5f0mf0_file.jpeg\" alt=\"\" width=\"660\" height=\"360\" srcset=\"https:\/\/pertinente.com.br\/site\/wp-content\/uploads\/2017\/09\/5ic2tg6yry_7j0u5f0mf0_file.jpeg 660w, https:\/\/pertinente.com.br\/site\/wp-content\/uploads\/2017\/09\/5ic2tg6yry_7j0u5f0mf0_file-300x164.jpeg 300w\" sizes=\"(max-width: 660px) 100vw, 660px\" \/><\/a><\/p>\n<p>O procurador-geral da Rep\u00fablica, Rodrigo Janot, apresentou ao Supremo Tribunal Federal (STF) nesta sexta-feira (8) den\u00fancia contra pol\u00edticos do PMDB do Senado.<\/p>\n<p>Foram denunciados os senadores Edison Lob\u00e3o (MA), Jader Barbalho (PA), Renan Calheiros (AL), Romero Juc\u00e1 (RR) e Valdir Raupp (RO), al\u00e9m do ex-senador e ex-presidente Jos\u00e9 Sarney.<\/p>\n<p>Tamb\u00e9m foi denunciado o ex-senador pelo PSDB e ex-presidente da Transpetro S\u00e9rgio Machado.<\/p>\n<p>De acordo com as investiga\u00e7\u00f5es, os sete pol\u00edticos receberam R$ 864,5 milh\u00f5es em propina paga por fornecedores da Petrobras e sua subsidi\u00e1ria Transpetro.<\/p>\n<p>A acusa\u00e7\u00e3o aponta crime de organiza\u00e7\u00e3o criminosa, cuja pena varia entre 3 a 8 anos de pris\u00e3o, al\u00e9m de multa. Para a PGR, h\u00e1 ind\u00edcios de que o grupo mantinha controle sobre as diretorias Internacional e de Abastecimento da Petrobras, al\u00e9m da Transpetro, para angariar propinas de fornecedores da estatal.<\/p>\n<p>Al\u00e9m da pena de pris\u00e3o, Janot quer que os atuais senadores percam seus mandatos e que todos paguem R$ 200 milh\u00f5es, metade como devolu\u00e7\u00e3o de desvios e outra metade como indeniza\u00e7\u00e3o por danos morais. O restante do valor desviado poder\u00e1 ser cobrado em outros processos, segundo a PGR.<\/p>\n<h4>O que dizem os denunciados?<\/h4>\n<p>Em nota, o senador Romero Juc\u00e1 afirmou que &#8220;acredita na seriedade do STF ao analisar as den\u00fancias apresentadas pelo PGR&#8221; e que &#8220;espera, contudo, celeridade nas investiga\u00e7\u00f5es.&#8221;<\/p>\n<p>Tamb\u00e9m em nota, o senador Renan Calheiros informou que &#8220;para criar uma cortina de fuma\u00e7a tentando desviar o assunto e encobrir seus malfeitos, o procurador-geral come\u00e7a a disparar mais den\u00fancias defeituosas.&#8221;<\/p>\n<p>&#8220;Essa \u00e9 mais uma tentativa de vincular-me aos desvios criminosos da Petrobras, me denunciando v\u00e1rias vezes pela mesma acusa\u00e7\u00e3o. Ocorre que eu nunca mantive qualquer rela\u00e7\u00e3o com os operadores citados e o procurador j\u00e1 sabe disso&#8221;, afirma Calheiros.<\/p>\n<p>O senador Jader Barbalho disse que a den\u00fancia &#8220;\u00e9 uma cortina de fuma\u00e7a lan\u00e7ada por Janot, nos seus \u00faltimos dias de PGR, para confundir a opini\u00e3o p\u00fablica, depois que ele beneficiou a J&amp;F com imunidade processual, inexistente na legisla\u00e7\u00e3o.&#8221;<\/p>\n<p>Barbalho diz ainda que &#8220;Janot j\u00e1 est\u00e1 na hist\u00f3ria como o procurador respons\u00e1vel pela Opera\u00e7\u00e3o Tabajara da PGR, na qual seu bra\u00e7o direito, Marcello Miller, era o agente duplo que prestava assessoria aos maiores assaltantes dos cofres p\u00fablicos: os irm\u00e3os Batista.&#8221;<\/p>\n<p>O senador Valdir Raupp afirmou em nota que &#8220;como nos demais casos em que foi, injustamente, acusado ir\u00e1 demonstrar sua inoc\u00eancia perante esta nova situa\u00e7\u00e3o por n\u00e3o ter indicado nenhum dirigente para diretorias da Petrobras e da Transpetro.&#8221;<\/p>\n<p>&#8220;\u00c9 de se estranhar e causar espanto que a den\u00fancia feita no apagar das luzes da atual gest\u00e3o da Procuradoria Geral da Rep\u00fablica, tenha como base dela\u00e7\u00f5es feitas por pessoas que n\u00e3o conhe\u00e7o e nunca tive qualquer rela\u00e7\u00e3o pessoal ou pol\u00edtica&#8221;, afirmou o senador.<\/p>\n<p>O advogado Antonio Carlos de Almeida Castro, o Kakay, que defende Romero Juc\u00e1, Edison Lob\u00e3o e Jos\u00e9 Sarney, afirmou que recebe a den\u00fancia &#8220;com perplexidade&#8221;. Para ele, Janot demonstra que \u00e9 contra pol\u00edticos e partidos.<\/p>\n<p>&#8220;Se fazem parte de um partido pol\u00edtico que deu apoio a um governo que Janot \u00e9 frontalmente contr\u00e1rio, essas pessoas poder\u00e3o ser denunciadas sem nenhuma base legal. Esperamos que o Supremo Tribunal Federal n\u00e3o receba essa den\u00fancia&#8221;, afirmou.<\/p>\n<p>Especificamente sobre Sarney, Kakay disse ainda que o ex-presidente n\u00e3o fazia parte das discuss\u00f5es sobre indica\u00e7\u00f5es t\u00e9cnicas para cargos. &#8220;Jos\u00e9 Sarney sequer deveria estar nessa linha, porque n\u00e3o participou sequer dessas indica\u00e7\u00f5es&#8221;, disse.<\/p>\n<p>O PMDB tamb\u00e9m divulgou nota em que afirma que a den\u00fancia &#8220;\u00e9 mais uma tentativa de envolvimento do PMDB e carece de provas por parte do Minist\u00e9rio P\u00fablico.&#8221;<\/p>\n<p>&#8220;Tais den\u00fancias s\u00e3o fundamentadas apenas em dela\u00e7\u00f5es &#8211; como veio a p\u00fablico recentemente &#8211; direcionadas e pouco confi\u00e1veis. O PMDB confia que o Supremo Tribunal Federal arquivar\u00e1 tais den\u00fancias.&#8221;<\/p>\n<p>O ex-senador S\u00e9rgio Machado n\u00e3o emitiu nenhuma declara\u00e7\u00e3o at\u00e9 ent\u00e3o.<\/p>\n<h4>R$ 864,5 milh\u00f5es em propina<\/h4>\n<p>As investiga\u00e7\u00f5es apontaram que os sete pol\u00edticos receberam R$ 864,5 milh\u00f5es em propina, com preju\u00edzo de R$ 5,5 bilh\u00f5es para a Petrobras e R$ 113 milh\u00f5es para a Transpetro, subsidi\u00e1ria da estatal na comercializa\u00e7\u00e3o de g\u00e1s.<\/p>\n<p>A den\u00fancia diz que o grupo obteve cargos na Petrobras e na Transpetro em troca do apoio dado ao governo do ex-presidente Luiz In\u00e1cio Lula da Silva (2003-2010).<\/p>\n<p>As vantagens indevidas seriam cobradas por diretores indicados pelo partido, que se mantinham no cargo gra\u00e7as ao apoio dos pol\u00edticos.<\/p>\n<p>&#8220;Os agentes pol\u00edticos, plenamente conscientes das pr\u00e1ticas indevidas que ocorriam na Petrobras, tanto patrocinavam a nomea\u00e7\u00e3o e manuten\u00e7\u00e3o dos diretores e dos demais agentes p\u00fablicos no cargo, quanto n\u00e3o interferiam nem fiscalizavam devidamente o cartel e irregularidades subjacentes&#8221;, diz a den\u00fancia.<\/p>\n<h4>Outras den\u00fancias<\/h4>\n<p>Na semana passada, uma den\u00fancia semelhante foi apresentada contra pol\u00edticos do PT, incluindo os ex-presidente Dilma Rousseff e Luiz In\u00e1cio Lula da Silva, este apontado como l\u00edder da organiza\u00e7\u00e3o criminosa.<\/p>\n<p>Os pol\u00edticos do PP j\u00e1 foram denunciados pelo mesmo crime e a PGR ainda prepara den\u00fancia contra membros do PMDB da C\u00e2mara, entre os quais o presidente Michel Temer.<\/p>\n<p>&#8220;Em comum, os integrantes do PT, do PMDB e do PP queriam arrecadar recursos il\u00edcitos para financiar seus projetos pr\u00f3prios. Assim, decidiram se juntar e dividir os cargos p\u00fablicos mais relevantes, de forma que todos pudessem de alguma maneira ter asseguradas fontes de vantagens indevidas&#8221;, diz a den\u00fancia.<\/p>\n<p>Com a den\u00fancia em m\u00e3os, o ministro Luiz Edson Fachin, relator da Lava Jato no Supremo, dever\u00e1 notificar os acusados a apresentarem uma defesa pr\u00e9via.<\/p>\n<p>Depois, levar\u00e1 o caso para an\u00e1lise da Segunda Turma do STF, que decidir\u00e1 se eles viram ou n\u00e3o r\u00e9us pelo crime. Comp\u00f5em o colegiado, al\u00e9m de Fachin, os ministros Gilmar Mendes, Dias Toffoli, Ricardo Lewandowski e Celso de Mello.<\/p>\n<p>Fonte: <a href=\"http:\/\/g1.globo.com\/politica\/noticia\/janot-denuncia-politicos-do-pmdb-do-senado-por-organizacao-criminosa.ghtml\">G1<\/a><\/p>\n","protected":false},"excerpt":{"rendered":"<p>O procurador-geral da Rep\u00fablica, Rodrigo Janot, apresentou ao Supremo Tribunal Federal (STF) nesta sexta-feira (8) den\u00fancia contra pol\u00edticos do PMDB do Senado. Foram denunciados os senadores Edison Lob\u00e3o (MA), Jader Barbalho (PA), Renan Calheiros (AL), Romero Juc\u00e1 (RR) e Valdir Raupp (RO),&hellip;<\/p>\n","protected":false},"author":1,"featured_media":616,"comment_status":"open","ping_status":"open","sticky":false,"template":"","format":"standard","meta":{"footnotes":""},"categories":[4],"tags":[110,170,60,138,80],"_links":{"self":[{"href":"https:\/\/pertinente.com.br\/site\/wp-json\/wp\/v2\/posts\/615"}],"collection":[{"href":"https:\/\/pertinente.com.br\/site\/wp-json\/wp\/v2\/posts"}],"about":[{"href":"https:\/\/pertinente.com.br\/site\/wp-json\/wp\/v2\/types\/post"}],"author":[{"embeddable":true,"href":"https:\/\/pertinente.com.br\/site\/wp-json\/wp\/v2\/users\/1"}],"replies":[{"embeddable":true,"href":"https:\/\/pertinente.com.br\/site\/wp-json\/wp\/v2\/comments?post=615"}],"version-history":[{"count":1,"href":"https:\/\/pertinente.com.br\/site\/wp-json\/wp\/v2\/posts\/615\/revisions"}],"predecessor-version":[{"id":617,"href":"https:\/\/pertinente.com.br\/site\/wp-json\/wp\/v2\/posts\/615\/revisions\/617"}],"wp:featuredmedia":[{"embeddable":true,"href":"https:\/\/pertinente.com.br\/site\/wp-json\/wp\/v2\/media\/616"}],"wp:attachment":[{"href":"https:\/\/pertinente.com.br\/site\/wp-json\/wp\/v2\/media?parent=615"}],"wp:term":[{"taxonomy":"category","embeddable":true,"href":"https:\/\/pertinente.com.br\/site\/wp-json\/wp\/v2\/categories?post=615"},{"taxonomy":"post_tag","embeddable":true,"href":"https:\/\/pertinente.com.br\/site\/wp-json\/wp\/v2\/tags?post=615"}],"curies":[{"name":"wp","href":"https:\/\/api.w.org\/{rel}","templated":true}]}}