{"id":633,"date":"2017-09-13T16:39:07","date_gmt":"2017-09-13T16:39:07","guid":{"rendered":"http:\/\/pertinente.com.br\/site\/?p=633"},"modified":"2017-09-13T16:39:07","modified_gmt":"2017-09-13T16:39:07","slug":"policia-federal-prende-ex-governador-anthony-garotinho","status":"publish","type":"post","link":"https:\/\/pertinente.com.br\/site\/2017\/09\/13\/policia-federal-prende-ex-governador-anthony-garotinho\/","title":{"rendered":"Pol\u00edcia Federal prende ex-governador Anthony Garotinho"},"content":{"rendered":"<p><a href=\"http:\/\/pertinente.com.br\/site\/wp-content\/uploads\/2017\/09\/17098259.jpeg\"><img loading=\"lazy\" decoding=\"async\" class=\" wp-image-634 aligncenter\" src=\"http:\/\/pertinente.com.br\/site\/wp-content\/uploads\/2017\/09\/17098259.jpeg\" alt=\"\" width=\"720\" height=\"348\" srcset=\"https:\/\/pertinente.com.br\/site\/wp-content\/uploads\/2017\/09\/17098259.jpeg 620w, https:\/\/pertinente.com.br\/site\/wp-content\/uploads\/2017\/09\/17098259-300x145.jpeg 300w\" sizes=\"(max-width: 720px) 100vw, 720px\" \/><\/a><\/p>\n<p>O <strong>ex-governador do Rio Anthony Garotinho<\/strong> (PR) foi preso pela Pol\u00edcia Federal (PF) na manh\u00e3 desta quarta-feira, por volta das 10h30m, na porta da R\u00e1dio Tupi, em S\u00e3o Crist\u00f3v\u00e3o, Zona Norte do Rio, onde apresenta seu programa di\u00e1rio de r\u00e1dio. A Justi\u00e7a condenou Garotinho por compra de votos e determinou que ele cumpra pris\u00e3o domiciliar. A <strong>condena\u00e7\u00e3o<\/strong> total \u00e9 de 9 anos, 11 meses e 10 dias em regime fechado.<\/p>\n<p>A decis\u00e3o estabelece ainda o uso de tornozeleira eletr\u00f4nica, pro\u00edbe a utiliza\u00e7\u00e3o de telefones celulares e restringe o contato pessoal a advogados e familiares pr\u00f3ximos \u2014 m\u00e3e, netos, filhos e a mulher, a ex-governadora do Rio Rosinha Garotinho (PR). A medida ser\u00e1 cumprida em Campos dos Goytacazes, no Norte Fluminense, na casa que o ex-governador mant\u00e9m no bairro da Lapa.<\/p>\n<p>No entendimento da Justi\u00e7a, o grupo comandado por Garotinho segue cometendo crimes, como amea\u00e7a a testemunhas e destrui\u00e7\u00e3o de provas \u2014 h\u00e1 ainda uma den\u00fancia, que est\u00e1 sendo apurada em outro processo, de tentativa de suborno ao juiz Glaucenir de Oliveira, quando ele esteve \u00e0 frente da &#8220;Opera\u00e7\u00e3o Chequinho&#8221;. Essas evid\u00eancias, segundo a decis\u00e3o, justificam a necessidade imediata de pris\u00e3o.<\/p>\n<p>Al\u00e9m da medida cautelar, Garotinho foi condenado \u00e0 pris\u00e3o em regime fechado por corrup\u00e7\u00e3o eleitoral, associa\u00e7\u00e3o criminosa e supress\u00e3o de documentos p\u00fablicos. No entanto, esta condena\u00e7\u00e3o precisa ser confirmada em segunda inst\u00e2ncia para que a reclus\u00e3o passe a vigorar.<\/p>\n<p>Segundo a senten\u00e7a, assinada pelo juiz Ralph Manh\u00e3es, da 100\u00aa Zona Eleitoral, a prefeitura de Campos, ent\u00e3o comandada por Rosinha \u2014 Garotinho era o secret\u00e1rio de Governo \u2014, desembolsou R$ 11 milh\u00f5es entre junho e agosto do ano passado num esquema paralelo do programa Cheque Cidad\u00e3o.<\/p>\n<p>O processo traz notas fiscais registrando as transa\u00e7\u00f5es. Os cart\u00f5es eletr\u00f4nicos, cada um com R$ 200, foram distribu\u00eddos por candidatos a vereadores aliados do casal a potenciais eleitores.<\/p>\n<p>O objetivo era montar uma base de sustenta\u00e7\u00e3o na C\u00e2mara Municipal para o candidato governista \u00e0 prefeitura, Dr. Chic\u00e3o (PR), que acabou derrotado. Ao todo, 17.500 pessoas fizeram parte do cadastro irregular.<\/p>\n<p>Fonte: <a href=\"https:\/\/oglobo.globo.com\/brasil\/policia-federal-prende-ex-governador-anthony-garotinho-21815738\">Globo.com<\/a><\/p>\n","protected":false},"excerpt":{"rendered":"<p>O ex-governador do Rio Anthony Garotinho (PR) foi preso pela Pol\u00edcia Federal (PF) na manh\u00e3 desta quarta-feira, por volta das 10h30m, na porta da R\u00e1dio Tupi, em S\u00e3o Crist\u00f3v\u00e3o, Zona Norte do Rio, onde apresenta seu programa di\u00e1rio de r\u00e1dio. A Justi\u00e7a&hellip;<\/p>\n","protected":false},"author":1,"featured_media":634,"comment_status":"open","ping_status":"open","sticky":false,"template":"","format":"standard","meta":{"footnotes":""},"categories":[4],"tags":[180,181,182,183],"_links":{"self":[{"href":"https:\/\/pertinente.com.br\/site\/wp-json\/wp\/v2\/posts\/633"}],"collection":[{"href":"https:\/\/pertinente.com.br\/site\/wp-json\/wp\/v2\/posts"}],"about":[{"href":"https:\/\/pertinente.com.br\/site\/wp-json\/wp\/v2\/types\/post"}],"author":[{"embeddable":true,"href":"https:\/\/pertinente.com.br\/site\/wp-json\/wp\/v2\/users\/1"}],"replies":[{"embeddable":true,"href":"https:\/\/pertinente.com.br\/site\/wp-json\/wp\/v2\/comments?post=633"}],"version-history":[{"count":1,"href":"https:\/\/pertinente.com.br\/site\/wp-json\/wp\/v2\/posts\/633\/revisions"}],"predecessor-version":[{"id":635,"href":"https:\/\/pertinente.com.br\/site\/wp-json\/wp\/v2\/posts\/633\/revisions\/635"}],"wp:featuredmedia":[{"embeddable":true,"href":"https:\/\/pertinente.com.br\/site\/wp-json\/wp\/v2\/media\/634"}],"wp:attachment":[{"href":"https:\/\/pertinente.com.br\/site\/wp-json\/wp\/v2\/media?parent=633"}],"wp:term":[{"taxonomy":"category","embeddable":true,"href":"https:\/\/pertinente.com.br\/site\/wp-json\/wp\/v2\/categories?post=633"},{"taxonomy":"post_tag","embeddable":true,"href":"https:\/\/pertinente.com.br\/site\/wp-json\/wp\/v2\/tags?post=633"}],"curies":[{"name":"wp","href":"https:\/\/api.w.org\/{rel}","templated":true}]}}