{"id":637,"date":"2017-09-17T15:11:53","date_gmt":"2017-09-17T15:11:53","guid":{"rendered":"http:\/\/pertinente.com.br\/site\/?p=637"},"modified":"2017-09-17T17:22:32","modified_gmt":"2017-09-17T17:22:32","slug":"filha-do-jornalista-olavo-de-carvalho-detona-o-pai-em-carta-aberta-devastadora","status":"publish","type":"post","link":"https:\/\/pertinente.com.br\/site\/2017\/09\/17\/filha-do-jornalista-olavo-de-carvalho-detona-o-pai-em-carta-aberta-devastadora\/","title":{"rendered":"Filha do jornalista Olavo de Carvalho detona o pai em carta aberta devastadora"},"content":{"rendered":"<p style=\"text-align: center;\"><a href=\"http:\/\/pertinente.com.br\/site\/wp-content\/uploads\/2017\/09\/images-6.jpg\"><img loading=\"lazy\" decoding=\"async\" class=\"alignnone size-full wp-image-638\" src=\"http:\/\/pertinente.com.br\/site\/wp-content\/uploads\/2017\/09\/images-6.jpg\" alt=\"\" width=\"306\" height=\"480\" srcset=\"https:\/\/pertinente.com.br\/site\/wp-content\/uploads\/2017\/09\/images-6.jpg 306w, https:\/\/pertinente.com.br\/site\/wp-content\/uploads\/2017\/09\/images-6-191x300.jpg 191w\" sizes=\"(max-width: 306px) 100vw, 306px\" \/><\/a><\/p>\n<p style=\"text-align: center;\"><iframe loading=\"lazy\" style=\"border: none; overflow: hidden;\" src=\"https:\/\/www.facebook.com\/plugins\/post.php?href=https%3A%2F%2Fwww.facebook.com%2Fheloisadecarvalhomartin.arribas%2Fposts%2F10210076165126354&amp;width=500\" width=\"500\" height=\"310\" frameborder=\"0\" scrolling=\"no\"><\/iframe><\/p>\n<h4>Carta aberta a um pai<\/h4>\n<p>Estou escrevendo essa carta aberta por que voc\u00ea s\u00f3 sabe ficar xingando da\u00ed dos Estados Unidos, j\u00e1 que nunca teve a dec\u00eancia de enfrentar as pessoas cara a cara. E, quando digo enfrentar, \u00e9 encarar que tudo o que falo sobre sua vida \u00e9 a mais pura verdade. N\u00e3o adianta mais o seu h\u00e1bito de criar medo nas pessoas, o que fez com que seus filhos e esposas n\u00e3o abrissem a boca nem mesmo para Deus. Sempre foi sua t\u00e1tica chamar os outros daquilo que voc\u00ea \u00e9, e depois se sair de v\u00edtima quando \u00e9 desmascarado ou ficar ironizando como uma forma de mascarar a verdade.<\/p>\n<p>Voc\u00ea n\u00e3o se lembra das in\u00fameras vezes em que voc\u00ea me pegou para passar o final de semana com voc\u00ea, e voc\u00ea nem me respeitava, ficando na sala ao lado enquanto eu dormia na sala do Bolla e era acordada no meio da noite com os gemidos das suas farras?<\/p>\n<p>Lembra-se de que, quando minha m\u00e3e, meus irm\u00e3os e eu fomos despejados e passamos a morar em um quarto com banheiro nos fundos da sua escola de astrologia, a Escola J\u00fapiter, enquanto voc\u00ea fazia uma farra com a sua segunda esposa, a Silvana, minha m\u00e3e tentou o suic\u00eddio e, se n\u00e3o fosse por mim, ela teria morrido? J\u00e1 se esqueceu tamb\u00e9m de que, quando eu fui morar com voc\u00ea e a Silvana, meus irm\u00e3os foram morar com a nossa av\u00f3 materna, mas voc\u00ea nunca foi visit\u00e1-los?<\/p>\n<p>Esqueceu que, quando fomos morar na casa perto do aeroporto, voc\u00ea e sua esposa Silvana me largavam sozinha enquanto voc\u00ea ia dar aula de astrologia, e que depois sa\u00edam para jantar fora e chegavam de madrugada enquanto eu, com apenas 13 anos, ficava l\u00e1 sozinha e sem comida?<\/p>\n<p>Ali\u00e1s, as suas casas, apesar de ter mais de uma esposa, sempre foram imundas, e as suas esposas faziam quest\u00e3o de ficar a madrugada toda acordadas, batendo papo furado com voc\u00ea, e depois dormiam o dia todo. A sua m\u00e3e nunca ia visit\u00e1-lo, pois tinha nojo! E eu, quando morei com voc\u00ea, acabei tendo de aprender todo o servi\u00e7o de casa, j\u00e1 que nunca gostei de sujeira.<\/p>\n<p>E j\u00e1 que estou falando da sua m\u00e3e, lembra-se que ela morreu recentemente sem ao menos receber um \u00fanico telefonema seu enquanto estava consciente, apesar de ter pedido tanto que voc\u00ea entrasse em contato? Essa minha av\u00f3, com quem voc\u00ea tantas vezes brigou e deixava com enxaquecas, passando mal por sua causa, sendo que quem estava ao lado dela, muitas dessas vezes, era eu.<\/p>\n<p>E era eu tamb\u00e9m que, quando voc\u00ea foi internado na cl\u00ednica psiqui\u00e1trica, ia te visitar, apesar de voc\u00ea ter internado minha m\u00e3e em um hosp\u00edcio por duas vezes s\u00f3 para que a sua vida ficasse mais f\u00e1cil, j\u00e1 que assim ela n\u00e3o podia cobrar nada de voc\u00ea.<\/p>\n<p>N\u00f3s sempre vivemos contando com a ajuda de familiares.Ou se esqueceu de que minha m\u00e3e deu a guarda judicial dos filhos para parentes, para que assim n\u00f3s pelo menos tiv\u00e9ssemos acesso a tratamento m\u00e9dico, j\u00e1 que voc\u00ea n\u00e3o dava assist\u00eancia aos pr\u00f3prios filhos?<\/p>\n<p>J\u00e1 esqueceu que nunca se preocupou nem com a escola dos filhos, mas agora fica postando fotos dos diplomas da Leilah a\u00ed nos Estados Unidos, sendo que as pessoas nem imaginam que ela s\u00f3 vai \u00e0 faculdade porque, depois de 12 anos que est\u00e3o a\u00ed, ela ainda n\u00e3o conseguiu a cidadania e precisa de v\u00ednculo com uma universidade para continuar no pa\u00eds?<\/p>\n<p>N\u00e3o se lembra mais de que nunca visitou a casa de um filho? Hoje, para dar ares de \u201cfam\u00edlia margarina\u201d, fica se fazendo de pai de fam\u00edlia e bom av\u00f4, mas as pessoas n\u00e3o sabem que, quando voc\u00ea surta, culpa a todos \u00e0 sua volta pelos seus erros com essa sua f\u00faria hist\u00e9rica.<\/p>\n<p>Lembra que, em um surto de loucura, colocou uma arma na cabe\u00e7a dos seus filhos?<\/p>\n<p>E onde estava o pai da \u201cfam\u00edlia margarina\u201d que, quando soube que eu tinha sido abusada sexualmente, n\u00e3o fez absolutamente nada, e que h\u00e1 uns quatro meses ainda me culpou pelo abuso? Acho que voc\u00ea esqueceu de que eu s\u00f3 tinha 9 anos.<\/p>\n<p>Diante de tantos fatos ocorridos em nossas vidas, fatos esses n\u00e3o s\u00f3 da vida familiar, mas tamb\u00e9m muitas coisas que eu vi voc\u00ea fazer contra os seus amigos, eu agora percebo que voc\u00ea n\u00e3o mudou nada. Eu at\u00e9 cheguei a acreditar que tinha mudado, mas, quando te liguei para defender o Daniel Arag\u00e3o e te contar sobre o car\u00e1ter do Jossias Te\u00f3filo, voc\u00ea, a Leilah e a Roxane come\u00e7aram a xingar a mim e ao Daniel numa gritaria cheia de palavr\u00f5es que mais parecia um surto psic\u00f3tico. Eu sei que, quando voc\u00ea surta, voc\u00ea fica incontrol\u00e1vel. Eu j\u00e1 vi muitos desses surtos. Da\u00ed ca\u00ed na realidade: voc\u00ea n\u00e3o mudou nada!<\/p>\n<p>Na comunidade mu\u00e7ulmana que voc\u00ea criou em sua casa na Bela Vista, todos te apoiavam e te seguiam incondicionalmente. Na \u00e9poca, eu n\u00e3o sabia que aquilo era uma seita. Quando tudo explodiu, as pessoas te largaram, muitas sumiram e algumas ficaram loucas. Como no caso da Liana, uma pessoa boa que voc\u00ea usou, de quem voc\u00ea realmente pegou dinheiro indevidamente e que te processou por isso. Ela s\u00f3 n\u00e3o ganhou porque estava perturbada demais para ser sensata no processo, e voc\u00ea acabou beneficiado pelo \u201cin dubio pro reo\u201d.<\/p>\n<p>Em rela\u00e7\u00e3o a esse post:<\/p>\n<p><a href=\"https:\/\/www.facebook.com\/olavo.decarvalho\/posts\/10155629737847192\"><img loading=\"lazy\" decoding=\"async\" class=\"alignnone size-full wp-image-643\" src=\"http:\/\/pertinente.com.br\/site\/wp-content\/uploads\/2017\/09\/Olavo1.png\" alt=\"\" width=\"645\" height=\"178\" srcset=\"https:\/\/pertinente.com.br\/site\/wp-content\/uploads\/2017\/09\/Olavo1.png 645w, https:\/\/pertinente.com.br\/site\/wp-content\/uploads\/2017\/09\/Olavo1-300x83.png 300w\" sizes=\"(max-width: 645px) 100vw, 645px\" \/><\/a><\/p>\n<p>Por que n\u00e3o se inspirou nele quando ele disse que eu precisava ter uma vida normal de crian\u00e7a? Talvez por isso \u00e9 que diga que ele n\u00e3o fosse um exemplo para voc\u00ea.<\/p>\n<p>Quanto a esse outro post:<\/p>\n<p><a href=\"https:\/\/www.facebook.com\/olavo.decarvalho\/posts\/10155629744467192\"><img loading=\"lazy\" decoding=\"async\" class=\"alignnone size-full wp-image-644\" src=\"http:\/\/pertinente.com.br\/site\/wp-content\/uploads\/2017\/09\/Olavo2.png\" alt=\"\" width=\"645\" height=\"165\" srcset=\"https:\/\/pertinente.com.br\/site\/wp-content\/uploads\/2017\/09\/Olavo2.png 645w, https:\/\/pertinente.com.br\/site\/wp-content\/uploads\/2017\/09\/Olavo2-300x77.png 300w\" sizes=\"(max-width: 645px) 100vw, 645px\" \/><\/a><\/p>\n<p>Quando voc\u00ea ia \u201ctreinar\u201d no Michel Weber, eu ficava andando pelo est\u00fado dele e via coisas macabras, como quadros e objetos que pareciam coisas sat\u00e2nicas. E tinha tamb\u00e9m aqueles c\u00e3es sanguin\u00e1rios dele, que pareciam ter parte com o dem\u00f4nio, e, no dia em que quase me atacaram, o Michel, em vez de se preocupar comigo, ficou bravo com voc\u00ea por ter me deixado xeretando nas \u201ccoisas\u201d dele.<\/p>\n<p><img decoding=\"async\" class=\"aligncenter\" src=\"https:\/\/1.bp.blogspot.com\/-7O8AGGy6LMk\/Wb3cLv99ohI\/AAAAAAAAANw\/Xuw4xbf1ixYinc4Jx-ryjLYoKf01DeuWQCLcBGAs\/s1600\/3.jpg\" \/><\/p>\n<p>Ent\u00e3o, quem aqui \u00e9 <a href=\"https:\/\/www.facebook.com\/olavo.decarvalho\/posts\/10155621208177192\">grotesco<\/a>, quem aqui sempre foi unido com o macabro, quem aqui n\u00e3o \u00e9 bondoso para com seus parentes e amigos, quem aqui n\u00e3o teve talento, e eu estou falando em talento de fato, n\u00e3o o de criar um secto de fan\u00e1ticos e cegos, quem nunca teve coragem perante a vida, quem aqui nunca trabalhou de verdade?<br \/>\nVoc\u00ea pouco sabe da minha vida, das pessoas que me cercam, dos meus amigos, do meu trabalho&#8230; Ent\u00e3o come\u00e7a a criar vergonha na cara e pare de dar indiretas (um h\u00e1bito seu desde que eu me conhe\u00e7o por gente). Voc\u00ea nunca teve coragem e dec\u00eancia para enfrentar a vida real.<\/p>\n<p>Tudo o que escrevi \u00e9 um recado para voc\u00ea: muda enquanto d\u00e1 tempo para voc\u00ea se transformar em um ser-humano decente. E n\u00e3o diga que eu me uni ao diabo. Isso sempre foi um direito s\u00f3 seu! Eu n\u00e3o preciso me unir a ningu\u00e9m para falar e contar sobre voc\u00ea. E pode ter certeza de que lembro de muito mais coisas.<\/p>\n<p>E s\u00f3 n\u00e3o enxerga o que voc\u00ea est\u00e1 criando nas pessoas, usando o nome de Deus, quem \u00e9 cego, pois eu vejo claramente, como j\u00e1 vi em outras \u00e9pocas suas, um bando de pessoas insensatas, com \u00f3dio de tudo e de todos, que caem cegamente na sua prega\u00e7\u00e3o, criando um ex\u00e9rcito de intolerantes com seus semelhantes, e que, quando enxergarem, n\u00e3o vai ter psiquiatra e nem hosp\u00edcio suficiente para todos.<\/p>\n<p>Pai, voc\u00ea sabe que minha quest\u00e3o n\u00e3o \u00e9 familiar como voc\u00ea pinta, fazendo parecer somente uma fofoquinha. Eu s\u00f3 falo de fatos familiares para que as pessoas enxerguem quem voc\u00ea \u00e9 na vida real. Sinto muito que a sua lavagem cerebral sobre as pessoas j\u00e1 tenha tomado essas propor\u00e7\u00f5es. Sim, isso mesmo, lavagem cerebral com as t\u00e9cnicas que voc\u00ea domina t\u00e3o bem, como as da Programa\u00e7\u00e3o Neurolingu\u00edstica.<\/p>\n<p>E quanto ao dente de leite que est\u00e1 sendo leiloado e voc\u00ea diz n\u00e3o ser seu, foi a minha av\u00f3 quem deixou para mim muito antes de morrer. Mas voc\u00ea sabe muito bem que eu sempre fui o ba\u00fa e mem\u00f3ria viva da fam\u00edlia. Tanto dos fatos quanto dos objetos. Acredito que voc\u00ea nem sequer tenha uma foto sua de crian\u00e7a, nem o peso de papel do seu pai, nem o seu \u00e1lbum de beb\u00ea. Nenhum de voc\u00eas tem nada, pois a \u00fanica que sempre conviveu de perto com minha av\u00f3 fui eu. E voc\u00ea sabe bem disso.<\/p>\n<p><img decoding=\"async\" class=\"aligncenter\" src=\"https:\/\/4.bp.blogspot.com\/-jRQI6x-8jMs\/Wb3cxfbkdVI\/AAAAAAAAAN4\/iZs8Hrqgic4MBH83Gvp5eev_A5HwruIbwCLcBGAs\/s1600\/4.jpg\" \/><\/p>\n<p>Esse quadro, por exemplo, voc\u00ea tinha na parede da Escola J\u00fapiter, n\u00e3o \u00e9? Deu para a minha av\u00f3 e hoje est\u00e1 comigo.<\/p>\n<p><img decoding=\"async\" class=\"aligncenter\" src=\"https:\/\/3.bp.blogspot.com\/-LqUtuKq5kkM\/Wb3c91PA-qI\/AAAAAAAAAN8\/MAqu9Jssqc41kHD0CTjqK-BPrmrhr_h1gCLcBGAs\/s1600\/5.jpg\" \/><\/p>\n<p>Essa foto, voc\u00ea tirou em Paris. Lembra-se de que voc\u00ea me deu quando se mudou para os EUA?<\/p>\n<p><img decoding=\"async\" class=\"aligncenter\" src=\"https:\/\/4.bp.blogspot.com\/-fKzQCDFAuu8\/Wb3dJmq0enI\/AAAAAAAAAOA\/61wzh2oqhxQltgiTmkS9mbbBOHy67WEcQCLcBGAs\/s1600\/6.jpg\" \/><\/p>\n<p>Esse peso de papel do meu av\u00f4, seu pai, que voc\u00ea nem sabia onde estava, est\u00e1 bem aqui na minha casa. E voc\u00ea j\u00e1 at\u00e9 postou sobre isso:\u00a0Ent\u00e3o n\u00e3o diga que o dente de leite n\u00e3o \u00e9 seu. Voc\u00ea sabe muito bem que minha av\u00f3 sempre me deu tudo o que ela guardava de voc\u00ea.<\/p>\n<p><img decoding=\"async\" class=\"aligncenter\" src=\"https:\/\/3.bp.blogspot.com\/-BBWmd-v1GlY\/Wb3dShk3QqI\/AAAAAAAAAOE\/Jqh-RiQwhQMd5BdyqKpsGtxs8Eh9cl6kwCLcBGAs\/s320\/7.jpg\" \/><\/p>\n<p>Mas, se mesmo assim, tiver d\u00favidas quanto ao dente ser seu, eu posso mandar fazer um exame de DNA nele.<br \/>\nMas voc\u00ea n\u00e3o vai querer passar pela vergonha de ser desmentido novamente, vai?<\/p>\n<h5>Helo\u00edsa de Carvalho Martin Arribas.<\/h5>\n<p>Fontes:\u00a0<a href=\"https:\/\/m.facebook.com\/story.php?story_fbid=10210074974576591&amp;id=1403927290\">Facebook: p\u00e1gina de Helo\u00edsa de Carvalho<\/a>\u00a0e\u00a0\u00a0<a href=\"http:\/\/libertoprometheo.blogspot.com.br\/\">http:\/\/libertoprometheo.blogspot.com.br\/<\/a><\/p>\n","protected":false},"excerpt":{"rendered":"<p>Carta aberta a um pai Estou escrevendo essa carta aberta por que voc\u00ea s\u00f3 sabe ficar xingando da\u00ed dos Estados Unidos, j\u00e1 que nunca teve a dec\u00eancia de enfrentar as pessoas cara a cara. E, quando digo enfrentar, \u00e9 encarar que tudo&hellip;<\/p>\n","protected":false},"author":1,"featured_media":640,"comment_status":"open","ping_status":"open","sticky":false,"template":"","format":"standard","meta":{"footnotes":""},"categories":[4],"tags":[187,186,185,184,188],"_links":{"self":[{"href":"https:\/\/pertinente.com.br\/site\/wp-json\/wp\/v2\/posts\/637"}],"collection":[{"href":"https:\/\/pertinente.com.br\/site\/wp-json\/wp\/v2\/posts"}],"about":[{"href":"https:\/\/pertinente.com.br\/site\/wp-json\/wp\/v2\/types\/post"}],"author":[{"embeddable":true,"href":"https:\/\/pertinente.com.br\/site\/wp-json\/wp\/v2\/users\/1"}],"replies":[{"embeddable":true,"href":"https:\/\/pertinente.com.br\/site\/wp-json\/wp\/v2\/comments?post=637"}],"version-history":[{"count":10,"href":"https:\/\/pertinente.com.br\/site\/wp-json\/wp\/v2\/posts\/637\/revisions"}],"predecessor-version":[{"id":651,"href":"https:\/\/pertinente.com.br\/site\/wp-json\/wp\/v2\/posts\/637\/revisions\/651"}],"wp:featuredmedia":[{"embeddable":true,"href":"https:\/\/pertinente.com.br\/site\/wp-json\/wp\/v2\/media\/640"}],"wp:attachment":[{"href":"https:\/\/pertinente.com.br\/site\/wp-json\/wp\/v2\/media?parent=637"}],"wp:term":[{"taxonomy":"category","embeddable":true,"href":"https:\/\/pertinente.com.br\/site\/wp-json\/wp\/v2\/categories?post=637"},{"taxonomy":"post_tag","embeddable":true,"href":"https:\/\/pertinente.com.br\/site\/wp-json\/wp\/v2\/tags?post=637"}],"curies":[{"name":"wp","href":"https:\/\/api.w.org\/{rel}","templated":true}]}}