{"id":652,"date":"2017-09-20T00:47:23","date_gmt":"2017-09-20T00:47:23","guid":{"rendered":"http:\/\/pertinente.com.br\/site\/?p=652"},"modified":"2017-09-20T00:47:23","modified_gmt":"2017-09-20T00:47:23","slug":"stf-rejeita-pedido-de-temer-para-devolver-nova-denuncia-a-pgr","status":"publish","type":"post","link":"https:\/\/pertinente.com.br\/site\/2017\/09\/20\/stf-rejeita-pedido-de-temer-para-devolver-nova-denuncia-a-pgr\/","title":{"rendered":"STF rejeita pedido de Temer para devolver nova den\u00fancia \u00e0 PGR"},"content":{"rendered":"<p class=\"content-head__subtitle\">Temer foi denunciado pelos crimes de obstru\u00e7\u00e3o de Justi\u00e7a e organiza\u00e7\u00e3o criminosa. Sua defesa solicitou que acusa\u00e7\u00e3o fosse devolvida por citar fatos anteriores ao mandato.<\/p>\n<p class=\"content-head__subtitle\" style=\"text-align: center;\">\u00a0<a href=\"http:\/\/pertinente.com.br\/site\/wp-content\/uploads\/2017\/09\/657746-970x600-1.jpeg\"><img loading=\"lazy\" decoding=\"async\" class=\"alignnone size-full wp-image-654\" src=\"http:\/\/pertinente.com.br\/site\/wp-content\/uploads\/2017\/09\/657746-970x600-1.jpeg\" alt=\"\" width=\"970\" height=\"600\" srcset=\"https:\/\/pertinente.com.br\/site\/wp-content\/uploads\/2017\/09\/657746-970x600-1.jpeg 970w, https:\/\/pertinente.com.br\/site\/wp-content\/uploads\/2017\/09\/657746-970x600-1-300x186.jpeg 300w, https:\/\/pertinente.com.br\/site\/wp-content\/uploads\/2017\/09\/657746-970x600-1-768x475.jpeg 768w\" sizes=\"(max-width: 970px) 100vw, 970px\" \/><\/a><\/p>\n<div class=\"mc-column content-text active-extra-styles active-capital-letter\" data-block-type=\"unstyled\" data-block-weight=\"35\">\n<p class=\"content-text__container theme-color-primary-first-letter\" data-track-category=\"Link no Texto\" data-track-links=\"\">O ministro do Supremo Tribunal Federal (STF) Luiz Edson Fachin rejeitou nesta ter\u00e7a-feira (19) o pedido da defesa do presidente Michel Temer para\u00a0devolver \u00e0 Procuradoria Geral da Rep\u00fablica\u00a0(PGR) a nova den\u00fancia contra Temer.<\/p>\n<\/div>\n<div class=\"mc-column content-text active-extra-styles \" data-block-type=\"unstyled\" data-block-weight=\"16\">\n<p class=\"content-text__container \" data-track-category=\"Link no Texto\" data-track-links=\"\">O presidente foi\u00a0denunciado na semana passada\u00a0pelos crimes de obstru\u00e7\u00e3o de Justi\u00e7a e organiza\u00e7\u00e3o criminosa.<\/p>\n<\/div>\n<div class=\"mc-column content-text active-extra-styles \" data-block-type=\"unstyled\" data-block-weight=\"34\">\n<p class=\"content-text__container \" data-track-category=\"Link no Texto\" data-track-links=\"\">A defesa de Temer queria que a acusa\u00e7\u00e3o voltasse \u00e0 PGR sob o argumento de que &#8220;quase todos&#8221; os\u00a0fatos narrados na pe\u00e7a\u00a0s\u00e3o anteriores ao mandato de Temer, o que inviabilizaria o prosseguimento.<\/p>\n<\/div>\n<div class=\"mc-column content-text active-extra-styles \" data-block-type=\"unstyled\" data-block-weight=\"34\">\n<p class=\"content-text__container \" data-track-category=\"Link no Texto\" data-track-links=\"\">Pela Constitui\u00e7\u00e3o, \u00e9 proibida a responsabiliza\u00e7\u00e3o do presidente da Rep\u00fablica, durante a vig\u00eancia do mandato, por atos estranhos ao exerc\u00edcio das fun\u00e7\u00f5es. Por isso a defesa do presidente argumentou que a den\u00fancia deveria voltar.<\/p>\n<\/div>\n<div class=\"mc-column content-text active-extra-styles \" data-block-type=\"unstyled\" data-block-weight=\"29\">\n<p class=\"content-text__container \" data-track-category=\"Link no Texto\" data-track-links=\"\">Fachin n\u00e3o atendeu ao pedido e argumentou que o plen\u00e1rio do STF j\u00e1 come\u00e7ou a analisar outro pedido de Temer, para\u00a0impedir que a den\u00fancia seja remetida \u00e0 C\u00e2mara.<\/p>\n<\/div>\n<div class=\"mc-column content-text active-extra-styles \" data-block-type=\"unstyled\" data-block-weight=\"21\">\n<p class=\"content-text__container \" data-track-category=\"Link no Texto\" data-track-links=\"\">Cabe aos deputados a\u00a0autoriza\u00e7\u00e3o para a Corte a analisar a den\u00fancia, para tornar ou n\u00e3o o presidente r\u00e9u no caso.<\/p>\n<\/div>\n<div class=\"mc-column content-text active-extra-styles \" data-block-type=\"unstyled\" data-block-weight=\"49\">\n<p class=\"content-text__container \" data-track-category=\"Link no Texto\" data-track-links=\"\">O julgamento do STF sobre o pedido da defesa de Temer\u00a0ser\u00e1 retomado nesta quarta\u00a0(20), \u00e0s 14h.<\/p>\n<\/div>\n<div class=\"mc-column content-text active-extra-styles \" data-block-type=\"unstyled\" data-block-weight=\"21\">\n<p class=\"content-text__container \" data-track-category=\"Link no Texto\" data-track-links=\"\">Os advogados do presidente argumentam que o Supremo deve aguardar as investiga\u00e7\u00f5es sobre\u00a0suposta omiss\u00e3o nas dela\u00e7\u00f5es de executivos da J&amp;F.<\/p>\n<\/div>\n<div class=\"mc-column content-text active-extra-styles \" data-block-type=\"unstyled\" data-block-weight=\"21\">\n<p class=\"content-text__container \" data-track-category=\"Link no Texto\" data-track-links=\"\">Boa parte da den\u00fancia \u00e9\u00a0baseada em provas entregues pelos executivos da J&amp;F, apontando Temer como suposto l\u00edder de organiza\u00e7\u00e3o criminosa.<\/p>\n<\/div>\n<div class=\"mc-column content-text active-extra-styles \" data-block-type=\"unstyled\" data-block-weight=\"24\">\n<p class=\"content-text__container \" data-track-category=\"Link no Texto\" data-track-links=\"\">Na semana passada, os ministros j\u00e1\u00a0negaram outro pedido de Temer, para anular as investiga\u00e7\u00f5es feitas pelo ex-procurador-geral da Rep\u00fablica Rodrigo Janot no caso.<\/p>\n<p class=\"content-text__container \" data-track-category=\"Link no Texto\" data-track-links=\"\">Fonte: <a href=\"https:\/\/g1.globo.com\/politica\/noticia\/fachin-rejeita-pedido-de-temer-para-devolver-nova-denuncia-a-pgr.ghtml\">G1<\/a>.<\/p>\n<\/div>\n","protected":false},"excerpt":{"rendered":"<p>Temer foi denunciado pelos crimes de obstru\u00e7\u00e3o de Justi\u00e7a e organiza\u00e7\u00e3o criminosa. Sua defesa solicitou que acusa\u00e7\u00e3o fosse devolvida por citar fatos anteriores ao mandato. \u00a0 O ministro do Supremo Tribunal Federal (STF) Luiz Edson Fachin rejeitou nesta ter\u00e7a-feira (19) o pedido&hellip;<\/p>\n","protected":false},"author":1,"featured_media":654,"comment_status":"open","ping_status":"open","sticky":false,"template":"","format":"standard","meta":{"footnotes":""},"categories":[4],"tags":[60,189,66,11],"_links":{"self":[{"href":"https:\/\/pertinente.com.br\/site\/wp-json\/wp\/v2\/posts\/652"}],"collection":[{"href":"https:\/\/pertinente.com.br\/site\/wp-json\/wp\/v2\/posts"}],"about":[{"href":"https:\/\/pertinente.com.br\/site\/wp-json\/wp\/v2\/types\/post"}],"author":[{"embeddable":true,"href":"https:\/\/pertinente.com.br\/site\/wp-json\/wp\/v2\/users\/1"}],"replies":[{"embeddable":true,"href":"https:\/\/pertinente.com.br\/site\/wp-json\/wp\/v2\/comments?post=652"}],"version-history":[{"count":1,"href":"https:\/\/pertinente.com.br\/site\/wp-json\/wp\/v2\/posts\/652\/revisions"}],"predecessor-version":[{"id":655,"href":"https:\/\/pertinente.com.br\/site\/wp-json\/wp\/v2\/posts\/652\/revisions\/655"}],"wp:featuredmedia":[{"embeddable":true,"href":"https:\/\/pertinente.com.br\/site\/wp-json\/wp\/v2\/media\/654"}],"wp:attachment":[{"href":"https:\/\/pertinente.com.br\/site\/wp-json\/wp\/v2\/media?parent=652"}],"wp:term":[{"taxonomy":"category","embeddable":true,"href":"https:\/\/pertinente.com.br\/site\/wp-json\/wp\/v2\/categories?post=652"},{"taxonomy":"post_tag","embeddable":true,"href":"https:\/\/pertinente.com.br\/site\/wp-json\/wp\/v2\/tags?post=652"}],"curies":[{"name":"wp","href":"https:\/\/api.w.org\/{rel}","templated":true}]}}