{"id":665,"date":"2017-09-20T11:23:58","date_gmt":"2017-09-20T11:23:58","guid":{"rendered":"http:\/\/pertinente.com.br\/site\/?p=665"},"modified":"2017-09-20T14:36:58","modified_gmt":"2017-09-20T14:36:58","slug":"cura-gay-o-que-realmente-disse-o-juiz-que-causou-uma-onda-de-indignacao","status":"publish","type":"post","link":"https:\/\/pertinente.com.br\/site\/2017\/09\/20\/cura-gay-o-que-realmente-disse-o-juiz-que-causou-uma-onda-de-indignacao\/","title":{"rendered":"\u2018Cura gay\u2019: o que disse o juiz que causou uma onda de indigna\u00e7\u00e3o"},"content":{"rendered":"<p><a href=\"http:\/\/pertinente.com.br\/site\/wp-content\/uploads\/2017\/09\/1505853454_712122_1505871211_noticia_normal_recorte2.jpg\"><img loading=\"lazy\" decoding=\"async\" class=\"alignnone size-full wp-image-670\" src=\"http:\/\/pertinente.com.br\/site\/wp-content\/uploads\/2017\/09\/1505853454_712122_1505871211_noticia_normal_recorte2.jpg\" alt=\"\" width=\"720\" height=\"479\" srcset=\"https:\/\/pertinente.com.br\/site\/wp-content\/uploads\/2017\/09\/1505853454_712122_1505871211_noticia_normal_recorte2.jpg 720w, https:\/\/pertinente.com.br\/site\/wp-content\/uploads\/2017\/09\/1505853454_712122_1505871211_noticia_normal_recorte2-300x200.jpg 300w\" sizes=\"(max-width: 720px) 100vw, 720px\" \/><\/a><\/p>\n<p>Uma pol\u00eamica decis\u00e3o judicial\u00a0causou nesta segunda-feira uma onda de indigna\u00e7\u00e3o \u2014 e de memes \u2014 nas redes sociais. No \u00faltimo dia 15, o juiz Waldemar Cl\u00e1udio de Carvalho, da 14\u00aa Vara do Distrito Federal, concedeu uma liminar que, na pr\u00e1tica, torna legalmente poss\u00edvel que psic\u00f3logos ofere\u00e7am pseudoterapias de revers\u00e3o sexual, popularmente chamadas de\u00a0<em>cura gay<\/em>.<\/p>\n<div id=\"elpais_gpt-MPU1\" class=\"publi_luto_vertical\"><\/div>\n<p style=\"text-align: left;\">N\u00e3o foram poucos os que, em protesto, acusaram o magistrado de ser\u00a0<a href=\"https:\/\/brasil.elpais.com\/tag\/homofobia\/a\/\">homof\u00f3bico<\/a>\u00a0e de ter dito que a\u00a0<a href=\"https:\/\/brasil.elpais.com\/tag\/homosexualidad\/a\">homossexualidade<\/a>\u00a0\u00e9 doen\u00e7a. Na verdade, o Carvalho n\u00e3o chega a defender explicitamente a\u00a0<em>cura gay<\/em>\u00a0e nem derruba uma resolu\u00e7\u00e3o do Conselho Federal de Psicologia (CFP) que, desde mar\u00e7o de 1999, pro\u00edbe sua pr\u00e1tica. Ele inclusive deixa claro em seu texto que, ao analisar o caso, adotou como premissa o posicionamento da\u00a0<a href=\"https:\/\/brasil.elpais.com\/tag\/oms_organizacion_mundial_salud\/a\/\">Organiza\u00e7\u00e3o Mundial da Sa\u00fade<\/a>\u00a0de que &#8220;a homossexualidade constitui uma varia\u00e7\u00e3o natural da sexualidade humana, n\u00e3o podendo ser, portanto, considerada como condi\u00e7\u00e3o patol\u00f3gica&#8221;.\u00a0<strong>(<a href=\"https:\/\/d2f17dr7ourrh3.cloudfront.net\/wp-content\/uploads\/2017\/09\/ATA-DE-AUDI%C3%8ANCIA.pdf\" target=\"_blank\">Leia aqui a decis\u00e3o<\/a>)<\/strong><\/p>\n<p style=\"text-align: left;\">Entretanto, o juiz contraditoriamente determina que o \u00f3rg\u00e3o altere a interpreta\u00e7\u00e3o de suas normas de forma a n\u00e3o impedir os profissionais &#8220;de promoverem estudos ou atendimento profissional, de forma reservada, pertinente \u00e0 (re)orienta\u00e7\u00e3o sexual, garantindo-lhes, assim, a plena liberdade cient\u00edfica acerca da mat\u00e9ria, sem qualquer censura ou necessidade de licen\u00e7a pr\u00e9via&#8221;.<\/p>\n<p style=\"text-align: left;\">As regras que o magistrado faz refer\u00eancia\u00a0<a href=\"http:\/\/site.cfp.org.br\/wp-content\/uploads\/1999\/03\/resolucao1999_1.pdf\" target=\"_blank\">est\u00e3o na Resolu\u00e7\u00e3o 01\/99 do Conselho Federal de Psicologia<\/a>, que determina que &#8220;os psic\u00f3logos n\u00e3o exercer\u00e3o qualquer a\u00e7\u00e3o que favore\u00e7a a patologiza\u00e7\u00e3o de comportamentos ou pr\u00e1ticas homoer\u00f3ticas, nem adotar\u00e3o a\u00e7\u00e3o coercitiva tendente a orientar homossexuais para tratamentos n\u00e3o solicitados&#8221;. Tamb\u00e9m pede, entre outros pontos, que os profissionais contribuam &#8220;para uma reflex\u00e3o sobre o preconceito e o desaparecimento de discrimina\u00e7\u00f5es e estigmatiza\u00e7\u00f5es contra aqueles que apresentam comportamentos ou pr\u00e1ticas homoer\u00f3ticas&#8221;.<\/p>\n<p style=\"text-align: left;\">Para o juiz Carvalho, tais normas &#8220;n\u00e3o ofendem os princ\u00edpios maiores da Constitui\u00e7\u00e3o&#8221;. Mas, &#8220;se mal interpretados&#8221;, podem resultar em que se considere &#8220;vedado ao psic\u00f3logo realizar qualquer estudo ou atendimento relacionados \u00e0 orienta\u00e7\u00e3o ou reorienta\u00e7\u00e3o sexual&#8221;, uma vez que a Constitui\u00e7\u00e3o &#8220;garante a liberdade cient\u00edfica bem como a plena realiza\u00e7\u00e3o da dignidade da pessoa humana, inclusive sob o aspecto da sexualidade&#8221;. Assim, sem suspender os efeitos da resolu\u00e7\u00e3o, ele determina que os profissionais possam &#8220;estudar ou atender \u00e0queles que voluntariamente venham em busca de orienta\u00e7\u00e3o acerca de sua sexualidade, sem qualquer forma de censura, preconceito ou discrimina\u00e7\u00e3o&#8221;.<\/p>\n<h4 style=\"text-align: left;\">O Processo<\/h4>\n<p style=\"text-align: left;\">A liminar concedida por Carvalho atende, de forma parcial, a uma a\u00e7\u00e3o movida contra o CFP por Rozangela Alves Justino, que pedia a suspens\u00e3o das regras do \u00f3rg\u00e3o. Psic\u00f3loga de forma\u00e7\u00e3o e mission\u00e1ria, como define\u00a0<a href=\"http:\/\/rozangelajustino.blogspot.com.br\/\" target=\"_blank\">em seu blog<\/a>, seu registro profissional foi cassado em 2009 porque ela oferecia pseudoterapias para curar a homossexualidade masculina e feminina.\u00a0<a href=\"http:\/\/www1.folha.uol.com.br\/fsp\/cotidian\/ff1407200913.htm\" target=\"_blank\">Naquele ano, \u00e0s v\u00e9speras de seu julgamento, ela chegou a dizer<\/a>\u00a0que pessoas t\u00eam atra\u00e7\u00e3o pelo mesmo sexo &#8220;porque foram abusadas na inf\u00e2ncia e na adolesc\u00eancia e sentiram prazer nisso&#8221;. Tamb\u00e9m afirmou que &#8220;o movimento pr\u00f3-homossexualismo tem feito alian\u00e7as com conselhos de psicologia e quer implantar a ditadura gay no pa\u00eds&#8221;. Por fim admitiu: &#8220;Tenho minha experi\u00eancia religiosa que eu n\u00e3o nego. Tudo que fa\u00e7o fora do consult\u00f3rio \u00e9 permeado pelo religioso. Sinto-me direcionada por Deus para ajudar as pessoas que est\u00e3o homossexuais&#8221;.<\/p>\n<p style=\"text-align: left;\"><a href=\"http:\/\/site.cfp.org.br\/resolucao-cfp-0199-e-mantida-em-decisao-judicial\/\" target=\"_blank\">Em nota<\/a>, o CFP diz que vai recorrer da decis\u00e3o e argumenta que &#8220;o que est\u00e1 em jogo \u00e9 o enfraquecimento da Resolu\u00e7\u00e3o 01\/99 pela disputa de sua interpreta\u00e7\u00e3o, j\u00e1 que at\u00e9 agora outras tentativas de sustar a norma, inclusive por meio de lei federal, n\u00e3o obtiveram sucesso&#8221;. O \u00f3rg\u00e3o ainda acrescenta que o &#8220;Judici\u00e1rio se equivoca ao desconsiderar a diretriz \u00e9tica que embasa a resolu\u00e7\u00e3o, que \u00e9 reconhecer como leg\u00edtimas as orienta\u00e7\u00f5es sexuais n\u00e3o heteronormativas, sem as criminalizar ou patologizar&#8221;.<\/p>\n<h4 style=\"text-align: left;\">Rea\u00e7\u00f5es das redes<\/h4>\n<p style=\"text-align: left;\">A indigna\u00e7\u00e3o nas redes sociais vem sendo massiva desde a tarde desta segunda-feira, quando a decis\u00e3o foi divulgada. Milhares de usu\u00e1rios v\u00eam utilizando as hashtag #TrateSeuPreconceito e #HomofobiaN\u00e3o\u00c9Doen\u00e7a para expressar sua insatisfa\u00e7\u00e3o com a decis\u00e3o, enquanto outros preferiram os memes e o humor para lidar com a quest\u00e3o.<\/p>\n<p style=\"text-align: left;\"><a href=\"https:\/\/www.facebook.com\/events\/1803958696284255\/\" target=\"_blank\">Uma manifesta\u00e7\u00e3o foi convocada para a pr\u00f3xima sexta-feira<\/a>, em S\u00e3o Paulo. No Facebook, mais de 3.000 pessoas confirmaram presen\u00e7a e outras 15.000 demonstraram interesse.<\/p>\n<p style=\"text-align: left;\">No entanto, alguns usu\u00e1rios e p\u00e1ginas no Facebook apoiaram a decis\u00e3o do juiz Carvalho e ainda criticaram a abordagem da imprensa sobre o tema.<\/p>\n<p style=\"text-align: left;\">Enquanto o processo judicial segue seu curso, muitas pessoas j\u00e1 temem as consequ\u00eancias da liminar do juiz Carvalho. Como pode ser visto abaixo:<\/p>\n<h4 style=\"text-align: left;\">A &#8216;cura gay&#8217; no Brasil<\/h4>\n<p style=\"text-align: left;\">Al\u00e9m do Brasil, apenas o Equador e Malta pro\u00edbem expressamente a\u00a0<em>cura gay<\/em>, uma pseudoterapia que\u00a0<a href=\"https:\/\/brasil.elpais.com\/brasil\/2017\/05\/10\/internacional\/1494432608_363146.html\">associa\u00e7\u00f5es psiqui\u00e1tricas de todo o mundo consideram ineficazes e prejudiciais<\/a>. Entretanto, a Resolu\u00e7\u00e3o 01\/99 do Conselho Federal de Psicologia e o entendimento do Conselho Federal de Medicina de que a homossexualidade n\u00e3o \u00e9 uma doen\u00e7a nunca impediram que diversos grupos, sobretudo ligados a igrejas evang\u00e9licas, pregassem solu\u00e7\u00f5es milagrosas ou terap\u00eauticas para extirpar a homossexualidade. Presentes no Congresso, esses grupos tentam mudar a legisla\u00e7\u00e3o atrav\u00e9s do recente projeto de lei 4931\/2016, apresentado deputado Ezequiel Teixeira (PTN-RJ). Ele tem como objetivo acabar com a puni\u00e7\u00e3o ao psic\u00f3logo que quer tratar o paciente com &#8220;transtorno de orienta\u00e7\u00e3o sexual&#8221; e garantir o &#8220;direito \u00e0 modifica\u00e7\u00e3o da orienta\u00e7\u00e3o sexual em aten\u00e7\u00e3o a Dignidade Humana&#8221;.<\/p>\n<p style=\"text-align: left;\">Fonte: <a href=\"https:\/\/brasil.elpais.com\/brasil\/2017\/09\/19\/politica\/1505853454_712122.html?id_externo_rsoc=FB_BR_CM\">El Pa\u00eds<\/a><\/p>\n","protected":false},"excerpt":{"rendered":"<p>Uma pol\u00eamica decis\u00e3o judicial\u00a0causou nesta segunda-feira uma onda de indigna\u00e7\u00e3o \u2014 e de memes \u2014 nas redes sociais. No \u00faltimo dia 15, o juiz Waldemar Cl\u00e1udio de Carvalho, da 14\u00aa Vara do Distrito Federal, concedeu uma liminar que, na pr\u00e1tica, torna legalmente&hellip;<\/p>\n","protected":false},"author":1,"featured_media":670,"comment_status":"open","ping_status":"open","sticky":false,"template":"","format":"standard","meta":{"footnotes":""},"categories":[4],"tags":[14,198,197,200,199],"_links":{"self":[{"href":"https:\/\/pertinente.com.br\/site\/wp-json\/wp\/v2\/posts\/665"}],"collection":[{"href":"https:\/\/pertinente.com.br\/site\/wp-json\/wp\/v2\/posts"}],"about":[{"href":"https:\/\/pertinente.com.br\/site\/wp-json\/wp\/v2\/types\/post"}],"author":[{"embeddable":true,"href":"https:\/\/pertinente.com.br\/site\/wp-json\/wp\/v2\/users\/1"}],"replies":[{"embeddable":true,"href":"https:\/\/pertinente.com.br\/site\/wp-json\/wp\/v2\/comments?post=665"}],"version-history":[{"count":7,"href":"https:\/\/pertinente.com.br\/site\/wp-json\/wp\/v2\/posts\/665\/revisions"}],"predecessor-version":[{"id":673,"href":"https:\/\/pertinente.com.br\/site\/wp-json\/wp\/v2\/posts\/665\/revisions\/673"}],"wp:featuredmedia":[{"embeddable":true,"href":"https:\/\/pertinente.com.br\/site\/wp-json\/wp\/v2\/media\/670"}],"wp:attachment":[{"href":"https:\/\/pertinente.com.br\/site\/wp-json\/wp\/v2\/media?parent=665"}],"wp:term":[{"taxonomy":"category","embeddable":true,"href":"https:\/\/pertinente.com.br\/site\/wp-json\/wp\/v2\/categories?post=665"},{"taxonomy":"post_tag","embeddable":true,"href":"https:\/\/pertinente.com.br\/site\/wp-json\/wp\/v2\/tags?post=665"}],"curies":[{"name":"wp","href":"https:\/\/api.w.org\/{rel}","templated":true}]}}