{"id":674,"date":"2017-09-20T21:21:57","date_gmt":"2017-09-20T21:21:57","guid":{"rendered":"http:\/\/pertinente.com.br\/site\/?p=674"},"modified":"2017-09-20T21:21:57","modified_gmt":"2017-09-20T21:21:57","slug":"maioria-do-stf-rejeita-suspender-tramitacao-de-denuncia-contra-temer","status":"publish","type":"post","link":"https:\/\/pertinente.com.br\/site\/2017\/09\/20\/maioria-do-stf-rejeita-suspender-tramitacao-de-denuncia-contra-temer\/","title":{"rendered":"Maioria do STF rejeita suspender tramita\u00e7\u00e3o de den\u00fancia contra Temer"},"content":{"rendered":"<div data-reactid=\"42\">\n<div id=\"mrt-node-Col1-0-ContentCanvas\" data-locator=\"subtree-root\">\n<div id=\"Col1-0-ContentCanvas-Proxy\" data-reactroot=\"\" data-reactid=\"1\" data-react-checksum=\"724928297\">\n<div id=\"Col1-0-ContentCanvas\" class=\"content-canvas Bgc(#fff) Pos(r)\" data-reactid=\"2\">\n<article data-uuid=\"ae45343a-b6a7-3521-bbbd-f5910a02603c\" data-type=\"story\" data-reactid=\"9\">\n<div class=\"canvas-body Wow(bw) Cl(start) Mb(20px) Fz(15px) Lh(1.6) C($c-fuji-grey-l) Ff($ff-secondary) D(i)\" data-reactid=\"35\">\n<p class=\"canvas-atom canvas-text Mb(1.0em) Mb(0)--sm Mt(0.8em)--sm\" data-reactid=\"37\"><a href=\"http:\/\/pertinente.com.br\/site\/wp-content\/uploads\/2017\/09\/ministos-plenario22222.gif\"><img loading=\"lazy\" decoding=\"async\" class=\"alignnone size-full wp-image-675\" src=\"http:\/\/pertinente.com.br\/site\/wp-content\/uploads\/2017\/09\/ministos-plenario22222.gif\" alt=\"\" width=\"1008\" height=\"452\" \/><\/a><\/p>\n<p class=\"canvas-atom canvas-text Mb(1.0em) Mb(0)--sm Mt(0.8em)--sm\" data-reactid=\"37\">A maioria dos ministros do STF (Supremo Tribunal Federal) rejeitou nesta quarta-feira (20) suspender tramita\u00e7\u00e3o de den\u00fancia contra o presidente Michel Temer. Eles votaram por seguir o andamento da den\u00fancia e disseram que n\u00e3o \u00e9 o momento de discutir provas.<\/p>\n<p class=\"canvas-atom canvas-text Mb(1.0em) Mb(0)--sm Mt(0.8em)--sm\" data-reactid=\"38\">At\u00e9 agora, seis ministros votaram com o relator, Edson Fachin. Para eles, n\u00e3o cabe ao STF proferir ju\u00edzo de admissibilidade da den\u00fancia antes que a C\u00e2mara dos Deputados examine o caso.<\/p>\n<p class=\"canvas-atom canvas-text Mb(1.0em) Mb(0)--sm Mt(0.8em)--sm\" data-reactid=\"39\">Temer pede para que a den\u00fancia n\u00e3o seja enviada at\u00e9 que a PGR (Procuradoria-Geral da Rep\u00fablica) conclua uma investiga\u00e7\u00e3o interna sobre a dela\u00e7\u00e3o dos executivos da JBS, cujas informa\u00e7\u00f5es serviram como base para formular a acusa\u00e7\u00e3o contra Temer por participa\u00e7\u00e3o em organiza\u00e7\u00e3o criminosa e obstru\u00e7\u00e3o de justi\u00e7a. A PGR rescindiu o acordo fechado com dois delatores, Joesley Batista e Ricardo Saud, que tinham benef\u00edcio de imunidade penal.<\/p>\n<p class=\"canvas-atom canvas-text Mb(1.0em) Mb(0)--sm Mt(0.8em)--sm\" data-reactid=\"40\">Primeiro a votar depois de Fachin, Alexandre de Moraes enfatizou que \u00e9 preciso distinguir os momentos de an\u00e1lise de uma den\u00fancia contra o presidente. Primeiro, afirmou, a C\u00e2mara deve analisar a conveni\u00eancia pol\u00edtica sobre se naquele momento o presidente poder\u00e1 eventualmente ser processado.<\/p>\n<p class=\"canvas-atom canvas-text Mb(1.0em) Mb(0)--sm Mt(0.8em)--sm\" data-reactid=\"41\">S\u00f3 depois disso o Supremo avalia o recebimento da den\u00fancia, caso ela eventualmente seja enviada \u00e0 corte, afirmou. E, apenas durante o julgamento \u00e9 que os ministros devem analisar os pontos alegados pela defesa.<\/p>\n<p class=\"canvas-atom canvas-text Mb(1.0em) Mb(0)--sm Mt(0.8em)--sm\" data-reactid=\"42\">Lu\u00eds Roberto Barroso disse que o oferecimento da den\u00fancia \u00e9 prerrogativa constitucional do Minist\u00e9rio P\u00fablico e, portanto, n\u00e3o cabe sust\u00e1-la.<\/p>\n<p class=\"canvas-atom canvas-text Mb(1.0em) Mb(0)--sm Mt(0.8em)--sm\" data-reactid=\"43\">&#8220;Neste momento, a palavra est\u00e1 com a C\u00e2mara dos Deputados. O que n\u00e3o \u00e9 poss\u00edvel \u00e9 condenar ou absolver sem se investigar&#8221;, afirmou.<\/p>\n<p class=\"canvas-atom canvas-text Mb(1.0em) Mb(0)--sm Mt(0.8em)--sm\" data-reactid=\"44\">Ele abordou aspectos da acusa\u00e7\u00e3o contra Temer: disse que, al\u00e9m da dela\u00e7\u00e3o dos executivos da JBS, a PGR incluiu outras dela\u00e7\u00f5es, mensagens de celular, anota\u00e7\u00f5es, dinheiro apreendido, contratos administrativos e privados, notas fiscais, dados de doa\u00e7\u00e3o eleitoral, registro de voos, e-mails, relat\u00f3rios de CVM, Coaf, PF e MPF, al\u00e9m de informa\u00e7\u00f5es prestadas pela C\u00e2mara dos Deputados e pela Caixa Econ\u00f4mica Federal, por exemplo.<\/p>\n<p class=\"canvas-atom canvas-text Mb(1.0em) Mb(0)--sm Mt(0.8em)--sm\" data-reactid=\"45\">A ministra Rosa Weber seguiu o entendimento dos colegas.<\/p>\n<p class=\"canvas-atom canvas-text Mb(1.0em) Mb(0)--sm Mt(0.8em)--sm\" data-reactid=\"46\">Luiz Fux destacou que o artigo da Constitui\u00e7\u00e3o que determina que o presidente n\u00e3o pode ser investigado por fatos anteriores ao mandato precisa ser respeitado.<\/p>\n<p class=\"canvas-atom canvas-text Mb(1.0em) Mb(0)--sm Mt(0.8em)--sm\" data-reactid=\"47\">&#8220;O que isso [o artigo da Constitui\u00e7\u00e3o] quer dizer? Se a C\u00e2mara disser n\u00e3o, o Supremo n\u00e3o tem como se pronunciar. Se disser sim, o STF pode avaliar se a den\u00fancia \u00e9 apta ou inepta. Mas o momento \u00e9 exatamente de aguardar esse ju\u00edzo pol\u00edtico que antecede ao ju\u00edzo jur\u00eddico.&#8221;<\/p>\n<p class=\"canvas-atom canvas-text Mb(1.0em) Mb(0)--sm Mt(0.8em)--sm\" data-reactid=\"48\">Para Dias Toffoli, o ministro relator poderia decidir monocraticamente rejeitar a den\u00fancia contra o presidente da rep\u00fablica, sem a necessidade de colocar o assunto em vota\u00e7\u00e3o no plen\u00e1rio do STF.<\/p>\n<p class=\"canvas-atom canvas-text Mb(1.0em) Mb(0)--sm Mt(0.8em)--sm\" data-reactid=\"49\">Ele seguiu a posi\u00e7\u00e3o de Fachin pelo envio da den\u00fancia \u00e0 C\u00e2mara.<\/p>\n<p class=\"canvas-atom canvas-text Mb(1.0em) Mb(0)--sm Mt(0.8em)--sm\" data-reactid=\"49\">Fonte: <a href=\"https:\/\/br.noticias.yahoo.com\/atualizada-maioria-stf-rejeita-suspender-204700743.html\">Yahoo<\/a><\/p>\n<\/div>\n<\/article>\n<\/div>\n<\/div>\n<\/div>\n<\/div>\n","protected":false},"excerpt":{"rendered":"<p>A maioria dos ministros do STF (Supremo Tribunal Federal) rejeitou nesta quarta-feira (20) suspender tramita\u00e7\u00e3o de den\u00fancia contra o presidente Michel Temer. Eles votaram por seguir o andamento da den\u00fancia e disseram que n\u00e3o \u00e9 o momento de discutir provas. At\u00e9 agora,&hellip;<\/p>\n","protected":false},"author":1,"featured_media":675,"comment_status":"open","ping_status":"open","sticky":false,"template":"","format":"standard","meta":{"footnotes":""},"categories":[4],"tags":[201,60,66,11,202],"_links":{"self":[{"href":"https:\/\/pertinente.com.br\/site\/wp-json\/wp\/v2\/posts\/674"}],"collection":[{"href":"https:\/\/pertinente.com.br\/site\/wp-json\/wp\/v2\/posts"}],"about":[{"href":"https:\/\/pertinente.com.br\/site\/wp-json\/wp\/v2\/types\/post"}],"author":[{"embeddable":true,"href":"https:\/\/pertinente.com.br\/site\/wp-json\/wp\/v2\/users\/1"}],"replies":[{"embeddable":true,"href":"https:\/\/pertinente.com.br\/site\/wp-json\/wp\/v2\/comments?post=674"}],"version-history":[{"count":1,"href":"https:\/\/pertinente.com.br\/site\/wp-json\/wp\/v2\/posts\/674\/revisions"}],"predecessor-version":[{"id":676,"href":"https:\/\/pertinente.com.br\/site\/wp-json\/wp\/v2\/posts\/674\/revisions\/676"}],"wp:featuredmedia":[{"embeddable":true,"href":"https:\/\/pertinente.com.br\/site\/wp-json\/wp\/v2\/media\/675"}],"wp:attachment":[{"href":"https:\/\/pertinente.com.br\/site\/wp-json\/wp\/v2\/media?parent=674"}],"wp:term":[{"taxonomy":"category","embeddable":true,"href":"https:\/\/pertinente.com.br\/site\/wp-json\/wp\/v2\/categories?post=674"},{"taxonomy":"post_tag","embeddable":true,"href":"https:\/\/pertinente.com.br\/site\/wp-json\/wp\/v2\/tags?post=674"}],"curies":[{"name":"wp","href":"https:\/\/api.w.org\/{rel}","templated":true}]}}