{"id":682,"date":"2017-09-24T00:56:15","date_gmt":"2017-09-24T00:56:15","guid":{"rendered":"http:\/\/pertinente.com.br\/site\/?p=682"},"modified":"2017-09-24T01:02:51","modified_gmt":"2017-09-24T01:02:51","slug":"eua-envia-mensagem-de-advertencia-a-coreia-do-norte-sobrevoando-seu-litoral","status":"publish","type":"post","link":"https:\/\/pertinente.com.br\/site\/2017\/09\/24\/eua-envia-mensagem-de-advertencia-a-coreia-do-norte-sobrevoando-seu-litoral\/","title":{"rendered":"Advert\u00eancia: Avi\u00f5es bombardeiros americanos sobrevoam litoral da Cor\u00e9ia do Norte"},"content":{"rendered":"<div class=\"mc-column content-text active-extra-styles active-capital-letter\" data-block-type=\"unstyled\" data-block-weight=\"49\">\n<p class=\"content-text__container theme-color-primary-first-letter\" style=\"text-align: center;\" data-track-category=\"Link no Texto\" data-track-links=\"\"><a href=\"http:\/\/pertinente.com.br\/site\/wp-content\/uploads\/2017\/09\/avioes_FhI0Eqt.jpg\"><img loading=\"lazy\" decoding=\"async\" class=\"alignnone size-full wp-image-684\" src=\"http:\/\/pertinente.com.br\/site\/wp-content\/uploads\/2017\/09\/avioes_FhI0Eqt.jpg\" alt=\"\" width=\"620\" height=\"465\" srcset=\"https:\/\/pertinente.com.br\/site\/wp-content\/uploads\/2017\/09\/avioes_FhI0Eqt.jpg 620w, https:\/\/pertinente.com.br\/site\/wp-content\/uploads\/2017\/09\/avioes_FhI0Eqt-300x225.jpg 300w\" sizes=\"(max-width: 620px) 100vw, 620px\" \/><\/a><\/p>\n<p class=\"content-text__container theme-color-primary-first-letter\" data-track-category=\"Link no Texto\" data-track-links=\"\">Ap\u00f3s a escalada verbal, a demostra\u00e7\u00e3o de for\u00e7a. Bombardeiros americanos voaram neste s\u00e1bado perto da costa leste da Coreia do Norte em uma demostra\u00e7\u00e3o de for\u00e7a do poder militar dos Estados Unidos ao programa armamentista de Pyongjang, cujas provoca\u00e7oes e ambi\u00e7\u00f5es nucleares desencadearam um novo aumento da tens\u00e3o bilateral.<\/p>\n<\/div>\n<div class=\"mc-column content-text active-extra-styles \" data-block-type=\"unstyled\" data-block-weight=\"27\">\n<p class=\"content-text__container \" data-track-category=\"Link no Texto\" data-track-links=\"\">O v\u00f4o acontece depois de dias de ret\u00f3rica cada vez mais belicosa entre o presidente dos EUA, Donald Trump, e o regime do l\u00edder norte-coreano Kim Jong-Un.<\/p>\n<\/div>\n<div class=\"mc-column content-text active-extra-styles \" data-block-type=\"unstyled\" data-block-weight=\"34\">\n<p class=\"content-text__container \" data-track-category=\"Link no Texto\" data-track-links=\"\">&#8220;Esse foi o local mais ao norte da zona desmilitarizada ao qual um avi\u00e3o de combate americano ou um bombardeiro sobrevoou pr\u00f3ximo ao litoral norte-coreano no s\u00e9culo XXI&#8221;, a porta-voz do Pent\u00e1ngono, Dana White.<\/p>\n<\/div>\n<div class=\"mc-column content-text active-extra-styles \" data-block-type=\"unstyled\" data-block-weight=\"35\">\n<p class=\"content-text__container \" data-track-category=\"Link no Texto\" data-track-links=\"\">A miss\u00e3o efetuada por um bombardeiro B-1B e um ca\u00e7a F-15 &#8220;\u00e9 uma demostra\u00e7\u00e3o da determina\u00e7\u00e3o americana e uma mensagem clara de que o presidente tem v\u00e1rias op\u00e7\u00f5es militares para enfrentar qualquer amea\u00e7a&#8221;, afirmou White.<\/p>\n<\/div>\n<div class=\"mc-column content-text active-extra-styles \" data-block-type=\"unstyled\" data-block-weight=\"20\">\n<p class=\"content-text__container \" data-track-category=\"Link no Texto\" data-track-links=\"\">&#8220;Estamos prontos para usar todo o tipo de capacidade militar para defender a p\u00e1tria dos EUA e nossos aliados&#8221;, acrescentou.<\/p>\n<\/div>\n<div class=\"mc-column content-text active-extra-styles \" data-block-type=\"unstyled\" data-block-weight=\"30\">\n<p class=\"content-text__container \" data-track-category=\"Link no Texto\" data-track-links=\"\">Horas mais tarde, o chanceler norte-coreano Ri Yong Ho\u00a0<a href=\"https:\/\/g1.globo.com\/mundo\/noticia\/ofensas-de-trump-tornam-ataque-contra-os-eua-inevitavel-diz-ministro-norte-coreano.ghtml\">atacou duramente neste s\u00e1bado na ONU o presidente Donald Trump<\/a>, que chamou de &#8220;um trastornado mental que est\u00e1 repleto de megalomania&#8221;.<\/p>\n<\/div>\n<div class=\"mc-column content-media content-media--normal content-photo\" data-block-type=\"backstage-photo\">\n<div class=\"content-media__container\">\n<div class=\"content-media__image-centered\">\n<div class=\"progressive-img can-open-lightbox\" data-min-size=\"1008x631\" data-min-size-url=\"https:\/\/s2.glbimg.com\/WxDEv2xSura0jaQ0GKvP9Rpg0-I=\/0x0:1700x1065\/1008x0\/smart\/filters:strip_icc()\/s.glbimg.com\/jo\/g1\/f\/original\/2016\/09\/23\/2016-09-23t183119z_859977651_d1beuczralaa_rtrmadp_3_un-assembly.jpg\" data-max-size=\"1600x1002\" data-max-size-url=\"https:\/\/s2.glbimg.com\/F616m3Ulvm_HG-YrlIJkl-JFIIA=\/0x0:1700x1065\/1600x0\/smart\/filters:strip_icc()\/s.glbimg.com\/jo\/g1\/f\/original\/2016\/09\/23\/2016-09-23t183119z_859977651_d1beuczralaa_rtrmadp_3_un-assembly.jpg\" data-media-index=\"0\">\n<figure id=\"attachment_683\" aria-describedby=\"caption-attachment-683\" style=\"width: 984px\" class=\"wp-caption aligncenter\"><a href=\"http:\/\/pertinente.com.br\/site\/wp-content\/uploads\/2017\/09\/2016-09-23t183119z_859977651_d1beuczralaa_rtrmadp_3_un-assembly.jpg\"><img loading=\"lazy\" decoding=\"async\" class=\"size-full wp-image-683\" src=\"http:\/\/pertinente.com.br\/site\/wp-content\/uploads\/2017\/09\/2016-09-23t183119z_859977651_d1beuczralaa_rtrmadp_3_un-assembly.jpg\" alt=\"\" width=\"984\" height=\"616\" srcset=\"https:\/\/pertinente.com.br\/site\/wp-content\/uploads\/2017\/09\/2016-09-23t183119z_859977651_d1beuczralaa_rtrmadp_3_un-assembly.jpg 984w, https:\/\/pertinente.com.br\/site\/wp-content\/uploads\/2017\/09\/2016-09-23t183119z_859977651_d1beuczralaa_rtrmadp_3_un-assembly-300x188.jpg 300w, https:\/\/pertinente.com.br\/site\/wp-content\/uploads\/2017\/09\/2016-09-23t183119z_859977651_d1beuczralaa_rtrmadp_3_un-assembly-768x481.jpg 768w\" sizes=\"(max-width: 984px) 100vw, 984px\" \/><\/a><figcaption id=\"caption-attachment-683\" class=\"wp-caption-text\">O ministro do Exterior da Coreia do Norte, Ri Yong Ho, discursa na Assembleia Geral da Onu, em Nova York, na sexta (23) (Foto: Reuters\/Eduardo Munoz)<\/figcaption><\/figure>\n<\/div>\n<\/div>\n<\/div>\n<\/div>\n<div class=\"mc-column content-text active-extra-styles \" data-block-type=\"unstyled\" data-block-weight=\"30\">\n<p class=\"content-text__container \" data-track-category=\"Link no Texto\" data-track-links=\"\">As amea\u00e7as do presidente americano de &#8220;destruir totalmente&#8221; a Coreia do Norte fazem que &#8220;a visita de nossos foguetes seja inevit\u00e1vel&#8221;, alertou em seu discurso na Assembleia Geral da ONU.<\/p>\n<\/div>\n<div class=\"mc-column content-text active-extra-styles \" data-block-type=\"unstyled\" data-block-weight=\"22\">\n<p class=\"content-text__container \" data-track-category=\"Link no Texto\" data-track-links=\"\">Ri argumentou que Trump, que pode &#8220;apertar o bot\u00e3o nuclear&#8221;, \u00e9 hoje la amea\u00e7a mais s\u00e9ria \u00e0 paz internacional e \u00e0 seguran\u00e7a&#8221;.<\/p>\n<\/div>\n<div class=\"mc-column content-text active-extra-styles \" data-block-type=\"unstyled\" data-block-weight=\"3\">\n<h4 class=\"content-text__container \" data-track-category=\"Link no Texto\"><strong>Tremor de terra<\/strong><\/h4>\n<\/div>\n<div class=\"content-ads content-ads--reveal\"><\/div>\n<div class=\"mc-column content-text active-extra-styles \" data-block-type=\"unstyled\" data-block-weight=\"42\">\n<p class=\"content-text__container \" data-track-category=\"Link no Texto\" data-track-links=\"\">Um tremor pouco profundo de magnitude 3,5 foi registrado neste s\u00e1bado na Coreia do Norte, levantando preocupa\u00e7\u00f5es sobre um novo teste nuclear de Pyongyang. Segundo os especialistas, seria uma poss\u00edvel r\u00e9plica s\u00edsmica do tremor causado pelo teste nuclear de 3 de setembro.<\/p>\n<\/div>\n<div class=\"mc-column content-text active-extra-styles \" data-block-type=\"unstyled\" data-block-weight=\"50\">\n<p class=\"content-text__container \" data-track-category=\"Link no Texto\" data-track-links=\"\">O terremoto foi classificado de explos\u00e3o suspeita por especialistas chineses e de terremoto natural por Seul, mas segundo a Organiza\u00e7\u00e3o do Tratado da Proibi\u00e7\u00e3o Completa dos Testes Nucleares (OTPCE), um organismo encarregado de detectar testes no mundo, o tremor parece ter sido uma r\u00e9plica do teste de 3 de setembro.<\/p>\n<\/div>\n<div class=\"mc-column content-text active-extra-styles \" data-block-type=\"unstyled\" data-block-weight=\"42\">\n<p class=\"content-text__container \" data-track-category=\"Link no Texto\" data-track-links=\"\">&#8220;A hip\u00f3tese mais prov\u00e1vel neste momento \u00e9 que se trata de uma consequ\u00eancia do acontecimento precedente, que foi de uma amplitude importante e que pode ainda ter repercuss\u00f5es em um zona de fratura tel\u00farica&#8221;, declarou \u00e0 AFP Lassina Zerbo, chefe do \u00f3rg\u00e3o.<\/p>\n<\/div>\n<div class=\"mc-column content-text active-extra-styles \" data-block-type=\"unstyled\" data-block-weight=\"52\">\n<p class=\"content-text__container \" data-track-category=\"Link no Texto\" data-track-links=\"\">O Instituto Geol\u00f3gico dos Estados Unidos (USGS) indico que o epicentro do tremor aconteceu 20 km de um centro de testes nucleares norte-coreano, onde o regime detonou, no in\u00edcio do m\u00eas, seu sexto e mais potente artefato nuclear, que alegou ser uma bomba de hidrog\u00eanio que pode ser lan\u00e7ada em um m\u00edssil.<\/p>\n<\/div>\n<div class=\"mc-column content-text active-extra-styles \" data-block-type=\"unstyled\" data-block-weight=\"28\">\n<p class=\"content-text__container \" data-track-category=\"Link no Texto\" data-track-links=\"\">O \u00faltimo teste nuclear, de 3 de setembro, o sexto e mais potente da Coreia do Norte, causou um tremor de magnitude 6,3, que foi sentido na China.<\/p>\n<\/div>\n<div class=\"mc-column content-text active-extra-styles \" data-block-type=\"unstyled\" data-block-weight=\"45\">\n<p class=\"content-text__container \" data-track-category=\"Link no Texto\" data-track-links=\"\">A Ag\u00eancia meteorol\u00f3gica da Coreia do Sul (KMA) considerou que se tratava de &#8220;um tremor de terra natural&#8221;. Um funcion\u00e1rio do comando das for\u00e7as americanas no Pac\u00edfico, disse, sob anonimato, que &#8220;nada indica que se trate de outra cosa que n\u00e3o seja (um tremor) natural&#8221;.<\/p>\n<\/div>\n<div class=\"mc-column content-text active-extra-styles \" data-block-type=\"unstyled\" data-block-weight=\"26\">\n<p class=\"content-text__container \" data-track-category=\"Link no Texto\" data-track-links=\"\">As chances de um novo teste nuclear norte-coreano contribuiu para uma escalada verbal entre Trump e Kim, apesar dos pedidos de Moscou pelo fim das provoca\u00e7\u00f5es.<\/p>\n<\/div>\n<div class=\"mc-column content-text active-extra-styles \" data-block-type=\"unstyled\" data-block-weight=\"20\">\n<p class=\"content-text__container \" data-track-category=\"Link no Texto\" data-track-links=\"\">Dezenas de milhares de coreanos se manifestaram neste s\u00e1bado na pra\u00e7a Kim Il-sung de Pyongyang em apoio ao dirigente norte-coreano.<\/p>\n<\/div>\n<div class=\"content-ads content-ads--reveal\"><\/div>\n<div class=\"mc-column content-text active-extra-styles \" data-block-type=\"unstyled\" data-block-weight=\"54\">\n<p class=\"content-text__container \" data-track-category=\"Link no Texto\" data-track-links=\"\">&#8220;Kim Jong-Un da Coreia do Norte, que \u00e9 obviamente um demente que n\u00e3o se importa de privar de comida ou assassinar seu povo, ser\u00e1 posto \u00e0 prova como nunca antes&#8221;, escreveu Trump em sua conta do Twitter na sexta-feira, dia seguinte ao an\u00fancio de novas san\u00e7\u00f5es feito por Washington contra a Coreia do Norte.<\/p>\n<\/div>\n<div class=\"mc-column content-text active-extra-styles \" data-block-type=\"unstyled\" data-block-weight=\"23\">\n<p class=\"content-text__container \" data-track-category=\"Link no Texto\" data-track-links=\"\">Horas antes, o l\u00edder norte-coreano havia atacado Trump verbalmente, o descrevendo como &#8220;mentalmente trastornado&#8221; e ressaltando que ele &#8220;pagar\u00e1 caro&#8221; por sua amea\u00e7a.<\/p>\n<\/div>\n<div class=\"mc-column content-text active-extra-styles \" data-block-type=\"unstyled\" data-block-weight=\"14\">\n<p class=\"content-text__container \" data-track-category=\"Link no Texto\" data-track-links=\"\">Pyongyang mencionou a possibilidade de efetuar um teste de bomba H no oceano Pac\u00edfico.<\/p>\n<p class=\"content-text__container \" data-track-category=\"Link no Texto\" data-track-links=\"\">\n<\/div>\n<p>Fonte: <a href=\"https:\/\/g1.globo.com\/mundo\/noticia\/eua-envia-mensagem-de-advertencia-a-coreia-do-norte-sobrevoando-seu-litoral.ghtml\">G1<\/a><\/p>\n","protected":false},"excerpt":{"rendered":"<p>Ap\u00f3s a escalada verbal, a demostra\u00e7\u00e3o de for\u00e7a. Bombardeiros americanos voaram neste s\u00e1bado perto da costa leste da Coreia do Norte em uma demostra\u00e7\u00e3o de for\u00e7a do poder militar dos Estados Unidos ao programa armamentista de Pyongjang, cujas provoca\u00e7oes e ambi\u00e7\u00f5es nucleares&hellip;<\/p>\n","protected":false},"author":1,"featured_media":684,"comment_status":"open","ping_status":"open","sticky":false,"template":"","format":"standard","meta":{"footnotes":""},"categories":[4],"tags":[209,207,76,210,208,56],"_links":{"self":[{"href":"https:\/\/pertinente.com.br\/site\/wp-json\/wp\/v2\/posts\/682"}],"collection":[{"href":"https:\/\/pertinente.com.br\/site\/wp-json\/wp\/v2\/posts"}],"about":[{"href":"https:\/\/pertinente.com.br\/site\/wp-json\/wp\/v2\/types\/post"}],"author":[{"embeddable":true,"href":"https:\/\/pertinente.com.br\/site\/wp-json\/wp\/v2\/users\/1"}],"replies":[{"embeddable":true,"href":"https:\/\/pertinente.com.br\/site\/wp-json\/wp\/v2\/comments?post=682"}],"version-history":[{"count":7,"href":"https:\/\/pertinente.com.br\/site\/wp-json\/wp\/v2\/posts\/682\/revisions"}],"predecessor-version":[{"id":691,"href":"https:\/\/pertinente.com.br\/site\/wp-json\/wp\/v2\/posts\/682\/revisions\/691"}],"wp:featuredmedia":[{"embeddable":true,"href":"https:\/\/pertinente.com.br\/site\/wp-json\/wp\/v2\/media\/684"}],"wp:attachment":[{"href":"https:\/\/pertinente.com.br\/site\/wp-json\/wp\/v2\/media?parent=682"}],"wp:term":[{"taxonomy":"category","embeddable":true,"href":"https:\/\/pertinente.com.br\/site\/wp-json\/wp\/v2\/categories?post=682"},{"taxonomy":"post_tag","embeddable":true,"href":"https:\/\/pertinente.com.br\/site\/wp-json\/wp\/v2\/tags?post=682"}],"curies":[{"name":"wp","href":"https:\/\/api.w.org\/{rel}","templated":true}]}}