{"id":701,"date":"2017-09-25T22:35:08","date_gmt":"2017-09-25T22:35:08","guid":{"rendered":"http:\/\/pertinente.com.br\/site\/?p=701"},"modified":"2017-09-25T22:35:08","modified_gmt":"2017-09-25T22:35:08","slug":"aprovacao-de-lula-sobe-e-de-moro-cai-aponta-pesquisa-ipsos-bolsonaro-sofre-duas-quedas","status":"publish","type":"post","link":"https:\/\/pertinente.com.br\/site\/2017\/09\/25\/aprovacao-de-lula-sobe-e-de-moro-cai-aponta-pesquisa-ipsos-bolsonaro-sofre-duas-quedas\/","title":{"rendered":"Aprova\u00e7\u00e3o de Lula sobe e de Moro cai, aponta pesquisa Ipsos; Bolsonaro sofre duas quedas"},"content":{"rendered":"<p>O ex-presidente Luiz In\u00e1cio Lula da Silva teve seu \u00edndice de desaprova\u00e7\u00e3o reduzido e sua taxa de aprova\u00e7\u00e3o ampliada em setembro na compara\u00e7\u00e3o com o m\u00eas anterior, segundo o mais recente Bar\u00f4metro Pol\u00edtico, pesquisa mensal de credibilidade realizada pelo instituto Ipsos. O porcentual da popula\u00e7\u00e3o que n\u00e3o concorda com a atua\u00e7\u00e3o de Lula caiu de 66% para 59%, enquanto a parcela da sociedade que o aprova subiu de 32% para 40%, a maior em dois anos de levantamento \u2013 apenas 1% n\u00e3o soube opinar.<\/p>\n<p><a href=\"http:\/\/pertinente.com.br\/site\/wp-content\/uploads\/2017\/09\/Lula-alegre.jpg\"><img loading=\"lazy\" decoding=\"async\" class=\" wp-image-712 alignnone\" src=\"http:\/\/pertinente.com.br\/site\/wp-content\/uploads\/2017\/09\/Lula-alegre.jpg\" alt=\"\" width=\"443\" height=\"278\" srcset=\"https:\/\/pertinente.com.br\/site\/wp-content\/uploads\/2017\/09\/Lula-alegre.jpg 360w, https:\/\/pertinente.com.br\/site\/wp-content\/uploads\/2017\/09\/Lula-alegre-300x188.jpg 300w\" sizes=\"(max-width: 443px) 100vw, 443px\" \/><\/a><\/p>\n<p>Ao mesmo tempo, o juiz federal S\u00e9rgio Moro, que condenou Lula e \u00e9 s\u00edmbolo da Lava Jato, alcan\u00e7ou uma taxa de desaprova\u00e7\u00e3o de 45%, recorde desde setembro de 2015. As impress\u00f5es da popula\u00e7\u00e3o sobre Lula, Moro e demais personalidades foram colhidas entre os dias 1.\u00ba e 14 deste m\u00eas, ou seja, antes e depois do depoimento de Antonio Palocci, ex-ministro da Fazenda de Lula e da Casa Civil de Dilma Rousseff.<\/p>\n<p><a href=\"http:\/\/pertinente.com.br\/site\/wp-content\/uploads\/2017\/09\/1506213891622.jpg\"><img loading=\"lazy\" decoding=\"async\" class=\" wp-image-702\" src=\"http:\/\/pertinente.com.br\/site\/wp-content\/uploads\/2017\/09\/1506213891622.jpg\" alt=\"\" width=\"444\" height=\"296\" srcset=\"https:\/\/pertinente.com.br\/site\/wp-content\/uploads\/2017\/09\/1506213891622.jpg 932w, https:\/\/pertinente.com.br\/site\/wp-content\/uploads\/2017\/09\/1506213891622-300x200.jpg 300w, https:\/\/pertinente.com.br\/site\/wp-content\/uploads\/2017\/09\/1506213891622-768x512.jpg 768w\" sizes=\"(max-width: 444px) 100vw, 444px\" \/><\/a><\/p>\n<div class=\"mm_conteudo blog-multimidia foto loaded\" style=\"text-align: left;\" data-config=\"{&quot;tipo&quot;:&quot;FOTO&quot;,&quot;id&quot;:&quot;797493&quot;,&quot;provider&quot;:&quot;AGILE&quot;}\"><\/div>\n<p>No dia 6, o petista afirmou a Moro que o ex-presidente tinha um \u201cpacto de sangue\u201d com a Odebrecht por propinas e que a empresa colocou \u00e0 disposi\u00e7\u00e3o do PT, no fim de seu mandato, um total de <span class=\"do-real-para-a-realidade\">R$ 300 milh\u00f5es<\/span>. Entre agosto e setembro, Lula foi o presidenci\u00e1vel com a maior taxa de aprova\u00e7\u00e3o, perdendo apenas para Moro e o apresentador de TV Luciano Huck \u2013 os dois negam interesse em disputar o cargo.<\/p>\n<p>O deputado Jair Bolsonaro (PSC-RJ), pr\u00e9-candidato \u00e0 sucess\u00e3o de Michel Temer, soma dois reveses no Bar\u00f4metro Pol\u00edtico deste m\u00eas: o total de entrevistados que o rejeita subiu de 56% para 63% (a pior taxa em dois anos) e a parcela que aprova sua atua\u00e7\u00e3o caiu de 21% para 19%, ainda que dentro da margem de erro de tr\u00eas pontos porcentuais para mais ou para menos.<\/p>\n<p><a href=\"http:\/\/pertinente.com.br\/site\/wp-content\/uploads\/2017\/09\/download-3.jpg\"><img loading=\"lazy\" decoding=\"async\" class=\"alignnone  wp-image-713\" src=\"http:\/\/pertinente.com.br\/site\/wp-content\/uploads\/2017\/09\/download-3.jpg\" alt=\"\" width=\"438\" height=\"264\" \/><\/a><\/p>\n<p>Para Danilo Cersosimo, um dos respons\u00e1veis pela pesquisa Ipsos, o levantamento atual n\u00e3o colocou Bolsonaro consolidado em segundo lugar na prefer\u00eancia do eleitorado, mas mostrou que Lula alcan\u00e7ou talvez seu maior patamar. \u201cDificilmente ele passar\u00e1 disso. A rejei\u00e7\u00e3o a seu nome \u00e9 ainda muito grande, dif\u00edcil de reverter\u201d, avalia.<\/p>\n<figure class=\"uva-graphic\"><\/figure>\n<p>Na mesma linha, o cientista pol\u00edtico Carlos Melo, professor do Insper, afirmou que os grupos que aprovam e desaprovam o ex-presidente t\u00eam similaridades entre si. \u201cEles n\u00e3o mudam suas opini\u00f5es, a posi\u00e7\u00e3o desses grupos n\u00e3o est\u00e1 conectada com os fatos. N\u00e3o h\u00e1 como reverter isso. Lula tem um piso do qual ele n\u00e3o passa. Assim como, podemos dizer que ele tem um teto que n\u00e3o passar\u00e1 tamb\u00e9m. Nesse sentido, Lula \u00e9 um candidato forte de primeiro turno, tem capacidade para fazer uma grande bancada na C\u00e2mara. Agora, isso tamb\u00e9m indica que ele deve enfrentar s\u00e9rias dificuldades para vencer uma elei\u00e7\u00e3o de segundo turno\u201d, analisa Melo.<\/p>\n<p>Segundo o tamb\u00e9m cientista pol\u00edtico Cl\u00e1udio Couto, da FGV-SP, o embate entre Lula e Moro parece estar criando uma vitimiza\u00e7\u00e3o do ex-presidente. \u201cAl\u00e9m disso, a aprova\u00e7\u00e3o de Lula surfa na desaprova\u00e7\u00e3o do governo Temer\u201d, afirmou Couto. A desaprova\u00e7\u00e3o a Temer alcan\u00e7ou 94%.<\/p>\n<p><strong>PSDB:\u00a0<\/strong>Entre os tucanos, o prefeito da capital paulista, Jo\u00e3o Doria, ainda \u00e9 o que tem os melhores \u00edndices, apesar de sua credibilidade com a popula\u00e7\u00e3o estar caindo. \u201c\u00c9 a prova de como a imagem se desgasta rapidamente diante de altas demandas por servi\u00e7os p\u00fablicos de qualidade aliada a uma expectativa n\u00e3o correspondida da popula\u00e7\u00e3o\u201d, afirma Cersosimo.<\/p>\n<p><a href=\"http:\/\/pertinente.com.br\/site\/wp-content\/uploads\/2017\/09\/doria-preocupado.jpg\"><img loading=\"lazy\" decoding=\"async\" class=\" wp-image-714\" src=\"http:\/\/pertinente.com.br\/site\/wp-content\/uploads\/2017\/09\/doria-preocupado.jpg\" alt=\"\" width=\"444\" height=\"296\" srcset=\"https:\/\/pertinente.com.br\/site\/wp-content\/uploads\/2017\/09\/doria-preocupado.jpg 600w, https:\/\/pertinente.com.br\/site\/wp-content\/uploads\/2017\/09\/doria-preocupado-300x200.jpg 300w\" sizes=\"(max-width: 444px) 100vw, 444px\" \/><\/a><\/p>\n<p>&nbsp;<\/p>\n<p>No \u00faltimo m\u00eas, quando intensificou sua agenda de viagens pelo Brasil com foco na corrida presidencial, Doria viu sua taxa de reprova\u00e7\u00e3o passar de 52% para 58% (um ponto abaixo de Lula) e sua aprova\u00e7\u00e3o cair de 19% para 16% \u2013 menos da metade de Lula e s\u00f3 tr\u00eas pontos acima do \u00edndice positivo do governador Geraldo Alckmin, com quem disputa a indica\u00e7\u00e3o do PSDB para a elei\u00e7\u00e3o de 2018. Os n\u00fameros do governador paulista oscilaram para baixo no m\u00eas passado, dentro da margem de erro. Seu \u00edndice de desaprova\u00e7\u00e3o passou de 73% para 75% e de aprova\u00e7\u00e3o, de 14% para 13%.<\/p>\n<p>A pesquisa tamb\u00e9m mostrou a percep\u00e7\u00e3o dos entrevistados em rela\u00e7\u00e3o ao ministro da Fazenda e presidenci\u00e1vel, Henrique Meirelles (PSD). O principal respons\u00e1vel pela agenda de reformas do governo Temer tem desaprova\u00e7\u00e3o alta, de 66%, e taxa de aprova\u00e7\u00e3o baix\u00edssima, de 3% \u2013 \u00edndice que pode ser explicado pelo desconhecimento de seu nome.<\/p>\n<p>Apontado como um poss\u00edvel \u201cplano B\u201d do PT, caso Lula seja impedido pela Justi\u00e7a de concorrer, o ex-prefeito Fernando Haddad alcan\u00e7ou seus piores \u00edndices em dois anos. \u201cA pesquisa mostra uma rejei\u00e7\u00e3o alta (57%) e comprova que essa desaprova\u00e7\u00e3o cai na medida em que seu nome fica mais conhecido. Isso quer dizer que Lula n\u00e3o repassa seu capital pol\u00edtico para Haddad\u201d, explica Cersosimo.<\/p>\n<p>&nbsp;<\/p>\n<p><a href=\"http:\/\/pertinente.com.br\/site\/wp-content\/uploads\/2017\/09\/ipso1.png\"><img loading=\"lazy\" decoding=\"async\" class=\"alignnone size-full wp-image-706\" src=\"http:\/\/pertinente.com.br\/site\/wp-content\/uploads\/2017\/09\/ipso1.png\" alt=\"\" width=\"735\" height=\"497\" srcset=\"https:\/\/pertinente.com.br\/site\/wp-content\/uploads\/2017\/09\/ipso1.png 735w, https:\/\/pertinente.com.br\/site\/wp-content\/uploads\/2017\/09\/ipso1-300x203.png 300w\" sizes=\"(max-width: 735px) 100vw, 735px\" \/><\/a> <a href=\"http:\/\/pertinente.com.br\/site\/wp-content\/uploads\/2017\/09\/Ipso2.png\"><img loading=\"lazy\" decoding=\"async\" class=\"alignnone size-full wp-image-707\" src=\"http:\/\/pertinente.com.br\/site\/wp-content\/uploads\/2017\/09\/Ipso2.png\" alt=\"\" width=\"731\" height=\"488\" srcset=\"https:\/\/pertinente.com.br\/site\/wp-content\/uploads\/2017\/09\/Ipso2.png 731w, https:\/\/pertinente.com.br\/site\/wp-content\/uploads\/2017\/09\/Ipso2-300x200.png 300w\" sizes=\"(max-width: 731px) 100vw, 731px\" \/><\/a> <a href=\"http:\/\/pertinente.com.br\/site\/wp-content\/uploads\/2017\/09\/ipso3.png\"><img loading=\"lazy\" decoding=\"async\" class=\"alignnone size-full wp-image-708\" src=\"http:\/\/pertinente.com.br\/site\/wp-content\/uploads\/2017\/09\/ipso3.png\" alt=\"\" width=\"741\" height=\"476\" srcset=\"https:\/\/pertinente.com.br\/site\/wp-content\/uploads\/2017\/09\/ipso3.png 741w, https:\/\/pertinente.com.br\/site\/wp-content\/uploads\/2017\/09\/ipso3-300x193.png 300w\" sizes=\"(max-width: 741px) 100vw, 741px\" \/><\/a><\/p>\n<p><a href=\"http:\/\/pertinente.com.br\/site\/wp-content\/uploads\/2017\/09\/Ipso4_.png\"><img loading=\"lazy\" decoding=\"async\" class=\"alignnone size-full wp-image-710\" src=\"http:\/\/pertinente.com.br\/site\/wp-content\/uploads\/2017\/09\/Ipso4_.png\" alt=\"\" width=\"742\" height=\"403\" srcset=\"https:\/\/pertinente.com.br\/site\/wp-content\/uploads\/2017\/09\/Ipso4_.png 742w, https:\/\/pertinente.com.br\/site\/wp-content\/uploads\/2017\/09\/Ipso4_-300x163.png 300w\" sizes=\"(max-width: 742px) 100vw, 742px\" \/><\/a><\/p>\n<p>Fonte: <a href=\"http:\/\/politica.estadao.com.br\/noticias\/geral,desaprovacao-de-lula-cai-e-de-moro-sobe-diz-instituto,70002013727\">Estad\u00e3o<\/a><\/p>\n","protected":false},"excerpt":{"rendered":"<p>O ex-presidente Luiz In\u00e1cio Lula da Silva teve seu \u00edndice de desaprova\u00e7\u00e3o reduzido e sua taxa de aprova\u00e7\u00e3o ampliada em setembro na compara\u00e7\u00e3o com o m\u00eas anterior, segundo o mais recente Bar\u00f4metro Pol\u00edtico, pesquisa mensal de credibilidade realizada pelo instituto Ipsos. O&hellip;<\/p>\n","protected":false},"author":1,"featured_media":702,"comment_status":"open","ping_status":"open","sticky":false,"template":"","format":"standard","meta":{"footnotes":""},"categories":[4],"tags":[216,218,220,217,83,20,21,219,11],"_links":{"self":[{"href":"https:\/\/pertinente.com.br\/site\/wp-json\/wp\/v2\/posts\/701"}],"collection":[{"href":"https:\/\/pertinente.com.br\/site\/wp-json\/wp\/v2\/posts"}],"about":[{"href":"https:\/\/pertinente.com.br\/site\/wp-json\/wp\/v2\/types\/post"}],"author":[{"embeddable":true,"href":"https:\/\/pertinente.com.br\/site\/wp-json\/wp\/v2\/users\/1"}],"replies":[{"embeddable":true,"href":"https:\/\/pertinente.com.br\/site\/wp-json\/wp\/v2\/comments?post=701"}],"version-history":[{"count":3,"href":"https:\/\/pertinente.com.br\/site\/wp-json\/wp\/v2\/posts\/701\/revisions"}],"predecessor-version":[{"id":715,"href":"https:\/\/pertinente.com.br\/site\/wp-json\/wp\/v2\/posts\/701\/revisions\/715"}],"wp:featuredmedia":[{"embeddable":true,"href":"https:\/\/pertinente.com.br\/site\/wp-json\/wp\/v2\/media\/702"}],"wp:attachment":[{"href":"https:\/\/pertinente.com.br\/site\/wp-json\/wp\/v2\/media?parent=701"}],"wp:term":[{"taxonomy":"category","embeddable":true,"href":"https:\/\/pertinente.com.br\/site\/wp-json\/wp\/v2\/categories?post=701"},{"taxonomy":"post_tag","embeddable":true,"href":"https:\/\/pertinente.com.br\/site\/wp-json\/wp\/v2\/tags?post=701"}],"curies":[{"name":"wp","href":"https:\/\/api.w.org\/{rel}","templated":true}]}}