{"id":721,"date":"2017-10-05T15:38:57","date_gmt":"2017-10-05T15:38:57","guid":{"rendered":"http:\/\/pertinente.com.br\/site\/?p=721"},"modified":"2017-10-05T16:02:47","modified_gmt":"2017-10-05T16:02:47","slug":"obama-chega-ao-brasil-palestra-sao-paulo","status":"publish","type":"post","link":"https:\/\/pertinente.com.br\/site\/2017\/10\/05\/obama-chega-ao-brasil-palestra-sao-paulo\/","title":{"rendered":"Obama chega hoje ao Brasil para palestra em S\u00e3o Paulo"},"content":{"rendered":"<p><a href=\"http:\/\/pertinente.com.br\/site\/wp-content\/uploads\/2017\/10\/obama-brasil.jpeg\"><img loading=\"lazy\" decoding=\"async\" class=\"wp-image-723 aligncenter\" src=\"http:\/\/pertinente.com.br\/site\/wp-content\/uploads\/2017\/10\/obama-brasil.jpeg\" alt=\"\" width=\"670\" height=\"446\" \/><\/a>O ex-presidente dos Estados Unidos Barack Obama desembarca nesta quarta-feira (4) em S\u00e3o Paulo, onde se reunir\u00e1 com &#8220;l\u00edderes jovens&#8221; e far\u00e1 uma palestra para representantes do mundo empresarial brasileiro.<br \/>\nOs dois compromissos ser\u00e3o na quinta-feira (5) e marcam a primeira visita de Obama ao Brasil desde que deixou a Casa Branca &#8211; como presidente, ele veio ao pa\u00eds uma vez, em mar\u00e7o de 2011. Nos \u00faltimos meses, o democrata j\u00e1 discursou e palestrou em na\u00e7\u00f5es como Alemanha, It\u00e1lia e Indon\u00e9sia, e sua agenda ainda inclui a Argentina, onde estar\u00e1 no pr\u00f3ximo dia 6.<br \/>\nEm S\u00e3o Paulo, Obama se reunir\u00e1 com 11 jovens com idades entre 23 e 36 anos e ser\u00e1 o principal palestrante do F\u00f3rum Cidad\u00e3o Global, promovido pelo jornal Valor Econ\u00f4mico e pelo banco Santander.O tema de sua palestra ser\u00e1 &#8220;Mudar o mundo, sim, voc\u00ea pode&#8221;, e os ingressos custam de R$ 2,5 mil a R$ 7,5 mil.<\/p>\n<p>Fonte: <a href=\"http:\/\/noticias.r7.com\/internacional\/obama-chega-hoje-ao-brasil-para-palestra-em-sao-paulo-04102017\">R7<\/a><\/p>\n","protected":false},"excerpt":{"rendered":"<p>O ex-presidente dos Estados Unidos Barack Obama desembarca nesta quarta-feira (4) em S\u00e3o Paulo, onde se reunir\u00e1 com &#8220;l\u00edderes jovens&#8221; e far\u00e1 uma palestra para representantes do mundo empresarial brasileiro. Os dois compromissos ser\u00e3o na quinta-feira (5) e marcam a primeira visita&hellip;<\/p>\n","protected":false},"author":1,"featured_media":723,"comment_status":"open","ping_status":"open","sticky":false,"template":"","format":"standard","meta":{"footnotes":""},"categories":[4],"tags":[14,97,225],"_links":{"self":[{"href":"https:\/\/pertinente.com.br\/site\/wp-json\/wp\/v2\/posts\/721"}],"collection":[{"href":"https:\/\/pertinente.com.br\/site\/wp-json\/wp\/v2\/posts"}],"about":[{"href":"https:\/\/pertinente.com.br\/site\/wp-json\/wp\/v2\/types\/post"}],"author":[{"embeddable":true,"href":"https:\/\/pertinente.com.br\/site\/wp-json\/wp\/v2\/users\/1"}],"replies":[{"embeddable":true,"href":"https:\/\/pertinente.com.br\/site\/wp-json\/wp\/v2\/comments?post=721"}],"version-history":[{"count":11,"href":"https:\/\/pertinente.com.br\/site\/wp-json\/wp\/v2\/posts\/721\/revisions"}],"predecessor-version":[{"id":733,"href":"https:\/\/pertinente.com.br\/site\/wp-json\/wp\/v2\/posts\/721\/revisions\/733"}],"wp:featuredmedia":[{"embeddable":true,"href":"https:\/\/pertinente.com.br\/site\/wp-json\/wp\/v2\/media\/723"}],"wp:attachment":[{"href":"https:\/\/pertinente.com.br\/site\/wp-json\/wp\/v2\/media?parent=721"}],"wp:term":[{"taxonomy":"category","embeddable":true,"href":"https:\/\/pertinente.com.br\/site\/wp-json\/wp\/v2\/categories?post=721"},{"taxonomy":"post_tag","embeddable":true,"href":"https:\/\/pertinente.com.br\/site\/wp-json\/wp\/v2\/tags?post=721"}],"curies":[{"name":"wp","href":"https:\/\/api.w.org\/{rel}","templated":true}]}}