{"id":734,"date":"2017-10-09T14:29:06","date_gmt":"2017-10-09T14:29:06","guid":{"rendered":"http:\/\/pertinente.com.br\/site\/?p=734"},"modified":"2017-10-09T14:49:17","modified_gmt":"2017-10-09T14:49:17","slug":"ministro-de-temer-pastor-marcos-pereira-e-gravado-negociando-propina-com-joesley","status":"publish","type":"post","link":"https:\/\/pertinente.com.br\/site\/2017\/10\/09\/ministro-de-temer-pastor-marcos-pereira-e-gravado-negociando-propina-com-joesley\/","title":{"rendered":"Ministro de Temer, Pastor Marcos Pereira, \u00e9 gravado negociando propina com Joesley"},"content":{"rendered":"<div class=\"mc-column content-text active-extra-styles active-capital-letter\" data-block-type=\"unstyled\" data-block-weight=\"72\">\n<p><a href=\"http:\/\/pertinente.com.br\/site\/wp-content\/uploads\/2017\/10\/marcos-pereira.jpg\"><img loading=\"lazy\" decoding=\"async\" class=\"wp-image-736 aligncenter\" src=\"http:\/\/pertinente.com.br\/site\/wp-content\/uploads\/2017\/10\/marcos-pereira.jpg\" alt=\"\" width=\"620\" height=\"349\" srcset=\"https:\/\/pertinente.com.br\/site\/wp-content\/uploads\/2017\/10\/marcos-pereira.jpg 750w, https:\/\/pertinente.com.br\/site\/wp-content\/uploads\/2017\/10\/marcos-pereira-300x169.jpg 300w\" sizes=\"(max-width: 620px) 100vw, 620px\" \/><\/a><\/p>\n<p class=\"content-text__container theme-color-primary-first-letter\" data-track-category=\"Link no Texto\" data-track-links=\"\">O empres\u00e1rio Joesley Batista, um dos donos da JBS, disse na dela\u00e7\u00e3o premiada que j\u00e1 est\u00e1 p\u00fablica que acertou uma<a href=\"https:\/\/g1.globo.com\/politica\/noticia\/dono-da-jbs-cita-acordo-para-repassar-r-6-milhoes-em-propina-a-marcos-pereira.ghtml\"> propina de R$ 6 milh\u00f5es ao ministro da Ind\u00fastria e Com\u00e9rcio Exterior<\/a>, Marcos Pereira (PRB), <a href=\"https:\/\/pt.wikipedia.org\/wiki\/Marcos_Pereira_(pol%C3%ADtico)\">bispo licenciado<\/a> da Igreja Universal do Reino de Deus.<\/p>\n<p class=\"content-text__container theme-color-primary-first-letter\" data-track-category=\"Link no Texto\" data-track-links=\"\">O empres\u00e1rio entregou aos investigadores mensagens pra comprovar essa vers\u00e3o. E nesta sexta-feira a revista &#8220;Veja&#8221; revelou a grava\u00e7\u00e3o de uma conversa que, segundo a publica\u00e7\u00e3o, confirma a negocia\u00e7\u00e3o com o ministro sobre esse repasse de dinheiro.<\/p>\n<\/div>\n<div class=\"mc-column content-text active-extra-styles \" data-block-type=\"unstyled\" data-block-weight=\"31\">\n<p class=\"content-text__container \" data-track-category=\"Link no Texto\" data-track-links=\"\">Em nota, o ministro disse que n\u00e3o far\u00e1 coment\u00e1rios sobre &#8220;pretensas grava\u00e7\u00f5es il\u00edcitas&#8221; e que seus advogados j\u00e1 manifestaram ao STF sua inten\u00e7\u00e3o de &#8220;aclarar os fatos&#8221; e &#8220;mostrar sua inoc\u00eancia&#8221;.<\/p>\n<\/div>\n<div class=\"mc-column content-text active-extra-styles \" data-block-type=\"unstyled\" data-block-weight=\"30\">\n<p class=\"content-text__container \" data-track-category=\"Link no Texto\" data-track-links=\"\">&#8220;Os fatos que envolvem sua rela\u00e7\u00e3o com Joesley Batista ser\u00e3o devidamente esclarecidos quando lhe for dada oportunidade de falar perante autoridade interessada na verdade, de maneira imparcial&#8221;, afirma a nota.<\/p>\n<\/div>\n<div class=\"mc-column content-text active-extra-styles \" data-block-type=\"unstyled\" data-block-weight=\"28\">\n<p class=\"content-text__container \" data-track-category=\"Link no Texto\" data-track-links=\"\">Segundo Joesley, o ministro pegou R$ 700 mil num encontro na casa do empres\u00e1rio. A entrega desse dinheiro ocorreu, de acordo com Joesley, no dia 24 de mar\u00e7o.<\/p>\n<\/div>\n<div class=\"mc-column content-text active-extra-styles \" data-block-type=\"unstyled\" data-block-weight=\"21\">\n<p class=\"content-text__container \" data-track-category=\"Link no Texto\" data-track-links=\"\">Joesley est\u00e1 preso por omitir informa\u00e7\u00f5es e pode perder os beneficios do acordo. Mas as provas apresentadas por eles continuam v\u00e1lidas.<\/p>\n<\/div>\n<div class=\"mc-column content-text active-extra-styles\" data-block-type=\"raw\" data-block-weight=\"3\">\n<div class=\"content-intertitle\">\n<h4>A conversa gravada<\/h4>\n<\/div>\n<\/div>\n<div class=\"mc-column content-text active-extra-styles \" data-block-type=\"unstyled\" data-block-weight=\"22\">\n<p class=\"content-text__container \" data-track-category=\"Link no Texto\" data-track-links=\"\">Na conversa Joesley fala de dinheiro com o ministro Marcos Pereira. Ao longo da conversa, o ministro evita associar n\u00fameros a dinheiro.<\/p>\n<\/div>\n<div class=\"mc-column content-text active-extra-styles \" data-block-type=\"unstyled\" data-block-weight=\"17\">\n<p class=\"content-text__container \" data-track-category=\"Link no Texto\" data-track-links=\"\"><strong>Joesley: <\/strong>Deixa eu te falar, aqui, voc\u00ea lembra? Eu n\u00e3o lembro mais a conta&#8230; Como que era?<\/p>\n<\/div>\n<div class=\"mc-column content-text active-extra-styles \" data-block-type=\"unstyled\" data-block-weight=\"5\">\n<p class=\"content-text__container \" data-track-category=\"Link no Texto\" data-track-links=\"\"><strong>Marcos Pereira:<\/strong> Meia, cinco, zero&#8230;<\/p>\n<\/div>\n<div class=\"mc-column content-text active-extra-styles \" data-block-type=\"unstyled\" data-block-weight=\"5\">\n<p class=\"content-text__container \" data-track-category=\"Link no Texto\" data-track-links=\"\"><strong>Joesley:<\/strong> Como que era? N\u00e3o&#8230;<\/p>\n<\/div>\n<div class=\"mc-column content-text active-extra-styles \" data-block-type=\"unstyled\" data-block-weight=\"8\">\n<p class=\"content-text__container \" data-track-category=\"Link no Texto\" data-track-links=\"\"><strong>Joesley: <\/strong>Quanto era o saldo? N\u00e3o lembro mais&#8230;<\/p>\n<\/div>\n<div class=\"mc-column content-text active-extra-styles \" data-block-type=\"unstyled\" data-block-weight=\"5\">\n<p class=\"content-text__container \" data-track-category=\"Link no Texto\" data-track-links=\"\"><strong>Marcos Pereira:<\/strong> Da \u00faltima vez&#8230;<\/p>\n<\/div>\n<div class=\"mc-column content-text active-extra-styles \" data-block-type=\"unstyled\" data-block-weight=\"6\">\n<p class=\"content-text__container \" data-track-category=\"Link no Texto\" data-track-links=\"\"><strong>Marcos Pereira: <\/strong>Ah, pera, n\u00e3o sei&#8230;<\/p>\n<\/div>\n<div class=\"mc-column content-text active-extra-styles \" data-block-type=\"unstyled\" data-block-weight=\"5\">\n<p class=\"content-text__container \" data-track-category=\"Link no Texto\" data-track-links=\"\"><strong>Joesley: <\/strong>Meia, cinco, zero&#8230; Ah&#8230;<\/p>\n<\/div>\n<div class=\"mc-column content-text active-extra-styles \" data-block-type=\"unstyled\" data-block-weight=\"13\">\n<p class=\"content-text__container \" data-track-category=\"Link no Texto\" data-track-links=\"\">Na conversa eles falam de valores maiores e o pr\u00f3prio ministro cita n\u00fameros:<\/p>\n<\/div>\n<div class=\"mc-column content-text active-extra-styles \" data-block-type=\"unstyled\" data-block-weight=\"11\">\n<p class=\"content-text__container \" data-track-category=\"Link no Texto\" data-track-links=\"\"><strong>Joesley: <\/strong>Dividido por 3? Um setecentos e trinta divido por tr\u00eas.<\/p>\n<\/div>\n<div class=\"mc-column content-text active-extra-styles \" data-block-type=\"unstyled\" data-block-weight=\"5\">\n<p class=\"content-text__container \" data-track-category=\"Link no Texto\" data-track-links=\"\"><strong>Marcos Pereira:<\/strong> Cino, sete, meia&#8230;<\/p>\n<\/div>\n<div class=\"mc-column content-text active-extra-styles \" data-block-type=\"unstyled\" data-block-weight=\"9\">\n<p class=\"content-text__container \" data-track-category=\"Link no Texto\" data-track-links=\"\"><strong>Joesley:<\/strong> Mais umas tr\u00eas vezes n\u00f3s mata essa p&#8230;<\/p>\n<\/div>\n<div class=\"mc-column content-text active-extra-styles \" data-block-type=\"unstyled\" data-block-weight=\"5\">\n<p class=\"content-text__container \" data-track-category=\"Link no Texto\" data-track-links=\"\"><strong>Marcos Pereira:<\/strong> Pode ficar tranquilo<\/p>\n<\/div>\n<div class=\"mc-column content-text active-extra-styles \" data-block-type=\"unstyled\" data-block-weight=\"4\">\n<p class=\"content-text__container \" data-track-category=\"Link no Texto\" data-track-links=\"\"><strong>Joesley: <\/strong>o fluxo caiu<\/p>\n<\/div>\n<div class=\"mc-column content-text active-extra-styles \" data-block-type=\"unstyled\" data-block-weight=\"3\">\n<p class=\"content-text__container \" data-track-category=\"Link no Texto\" data-track-links=\"\"><strong>Marcos Pereira:<\/strong> Imagino<\/p>\n<\/div>\n<div class=\"mc-column content-text active-extra-styles \" data-block-type=\"unstyled\" data-block-weight=\"20\">\n<p class=\"content-text__container \" data-track-category=\"Link no Texto\" data-track-links=\"\"><strong>Joesley: <\/strong>Cara, o fluxo caiu. A lojinha t\u00e1 vendendo menos. E eu agora s\u00f3 t\u00f4 pegando as lojinhas nossas, n\u00e9?<\/p>\n<\/div>\n<p>&nbsp;<\/p>\n<p>Fonte: <a href=\"https:\/\/g1.globo.com\/politica\/noticia\/gravacao-mostra-suposto-acerto-de-propina-entre-joesley-e-ministro.ghtml\">G1<\/a><\/p>\n","protected":false},"excerpt":{"rendered":"<p>O empres\u00e1rio Joesley Batista, um dos donos da JBS, disse na dela\u00e7\u00e3o premiada que j\u00e1 est\u00e1 p\u00fablica que acertou uma propina de R$ 6 milh\u00f5es ao ministro da Ind\u00fastria e Com\u00e9rcio Exterior, Marcos Pereira (PRB), bispo licenciado da Igreja Universal do Reino&hellip;<\/p>\n","protected":false},"author":1,"featured_media":736,"comment_status":"open","ping_status":"open","sticky":false,"template":"","format":"standard","meta":{"footnotes":""},"categories":[4],"tags":[226,227,162,228,90],"_links":{"self":[{"href":"https:\/\/pertinente.com.br\/site\/wp-json\/wp\/v2\/posts\/734"}],"collection":[{"href":"https:\/\/pertinente.com.br\/site\/wp-json\/wp\/v2\/posts"}],"about":[{"href":"https:\/\/pertinente.com.br\/site\/wp-json\/wp\/v2\/types\/post"}],"author":[{"embeddable":true,"href":"https:\/\/pertinente.com.br\/site\/wp-json\/wp\/v2\/users\/1"}],"replies":[{"embeddable":true,"href":"https:\/\/pertinente.com.br\/site\/wp-json\/wp\/v2\/comments?post=734"}],"version-history":[{"count":3,"href":"https:\/\/pertinente.com.br\/site\/wp-json\/wp\/v2\/posts\/734\/revisions"}],"predecessor-version":[{"id":743,"href":"https:\/\/pertinente.com.br\/site\/wp-json\/wp\/v2\/posts\/734\/revisions\/743"}],"wp:featuredmedia":[{"embeddable":true,"href":"https:\/\/pertinente.com.br\/site\/wp-json\/wp\/v2\/media\/736"}],"wp:attachment":[{"href":"https:\/\/pertinente.com.br\/site\/wp-json\/wp\/v2\/media?parent=734"}],"wp:term":[{"taxonomy":"category","embeddable":true,"href":"https:\/\/pertinente.com.br\/site\/wp-json\/wp\/v2\/categories?post=734"},{"taxonomy":"post_tag","embeddable":true,"href":"https:\/\/pertinente.com.br\/site\/wp-json\/wp\/v2\/tags?post=734"}],"curies":[{"name":"wp","href":"https:\/\/api.w.org\/{rel}","templated":true}]}}