{"id":740,"date":"2017-10-09T14:44:35","date_gmt":"2017-10-09T14:44:35","guid":{"rendered":"http:\/\/pertinente.com.br\/site\/?p=740"},"modified":"2017-10-09T14:51:00","modified_gmt":"2017-10-09T14:51:00","slug":"stf-colocara-em-julgamento-recurso-que-pode-liberar-candidaturas-avulsas","status":"publish","type":"post","link":"https:\/\/pertinente.com.br\/site\/2017\/10\/09\/stf-colocara-em-julgamento-recurso-que-pode-liberar-candidaturas-avulsas\/","title":{"rendered":"STF colocar\u00e1 em julgamento recurso que pode liberar candidaturas avulsas"},"content":{"rendered":"<p class=\"canvas-atom canvas-text Mb(1.0em) Mb(0)--sm Mt(0.8em)--sm\" data-reactid=\"23\"><a href=\"http:\/\/pertinente.com.br\/site\/wp-content\/uploads\/2017\/10\/STF.jpeg\"><img loading=\"lazy\" decoding=\"async\" class=\"wp-image-741 alignnone\" src=\"http:\/\/pertinente.com.br\/site\/wp-content\/uploads\/2017\/10\/STF.jpeg\" alt=\"\" width=\"504\" height=\"346\" \/><\/a><\/p>\n<p class=\"canvas-atom canvas-text Mb(1.0em) Mb(0)--sm Mt(0.8em)--sm\" data-reactid=\"23\">A maioria dos ministros do Supremo Tribunal Federal (STF) decidiu na quinta-feira passada, dia 05\/10\/2017, fazer um julgamento de um recurso que poder\u00e1 liberar um candidato a cargo eletivo concorrer sem que esteja filiado a um partido pol\u00edtico, a chamada candidatura avulsa.<\/p>\n<p class=\"canvas-atom canvas-text Mb(1.0em) Mb(0)--sm Mt(0.8em)--sm\" data-reactid=\"24\">Por 6 votos a 4, os ministros seguiram a posi\u00e7\u00e3o do relator do recurso, Roberto Barroso, que era favor\u00e1vel a analisar o recurso.<\/p>\n<p class=\"canvas-atom canvas-text Mb(1.0em) Mb(0)--sm Mt(0.8em)--sm\" data-reactid=\"25\">A decis\u00e3o do Supremo de discutir o assunto ocorre no mesmo dia em que o Senado aprovou um texto de reforma pol\u00edtica &#8211; que segue para a san\u00e7\u00e3o presidencial &#8211; que pro\u00edbe taxativamente de pessoas concorrerem a cargos eletivos sem partido.<\/p>\n<p class=\"canvas-atom canvas-text Mb(1.0em) Mb(0)--sm Mt(0.8em)--sm\" data-reactid=\"26\">A Corte entendeu que a an\u00e1lise do caso concreto estava prejudicada porque a situa\u00e7\u00e3o concreta j\u00e1 n\u00e3o teria como ser revertida. Mas eles superaram o caso particular e entenderam ser poss\u00edvel analisar a tese jur\u00eddica.<\/p>\n<p class=\"canvas-atom canvas-text Mb(1.0em) Mb(0)--sm Mt(0.8em)--sm\" data-reactid=\"27\">O caso concreto referia-se ao de um advogado, que tentou concorrer em 2016 sem filia\u00e7\u00e3o partid\u00e1ria \u00e0 prefeitura do Rio de Janeiro, mas acabou sendo barrado pela Justi\u00e7a Eleitoral. Ap\u00f3s sucessivos recursos, o caso chegou ao STF.<\/p>\n<p class=\"canvas-atom canvas-text Mb(1.0em) Mb(0)--sm Mt(0.8em)--sm\" data-reactid=\"28\">O in\u00edcio do julgamento do m\u00e9rito, entretanto, n\u00e3o come\u00e7ou e n\u00e3o h\u00e1 data para ocorrer. O assunto ter\u00e1 repercuss\u00e3o geral, isto \u00e9, a decis\u00e3o do plen\u00e1rio do Supremo ter\u00e1 de ser seguida por todas as inst\u00e2ncias inferiores.<\/p>\n<h4 class=\"canvas-atom canvas-text Mb(1.0em) Mb(0)--sm Mt(0.8em)--sm\" data-reactid=\"29\">AVULSO<\/h4>\n<p class=\"canvas-atom canvas-text Mb(1.0em) Mb(0)--sm Mt(0.8em)--sm\" data-reactid=\"30\">Primeiro a votar, o relator Roberto Barroso, do STF, manifestou-se no sentido de que, embora o caso particular seja prejudicado, o debate \u00e9 relevante e dever\u00e1, sim, ser julgado pelo tribunal. &#8220;Entendo que \u00e9 uma quest\u00e3o constitucional&#8221;, disse o ministro.<\/p>\n<p class=\"canvas-atom canvas-text Mb(1.0em) Mb(0)--sm Mt(0.8em)--sm\" data-reactid=\"31\">O ministro Alexandre de Moraes, contudo, abriu diverg\u00eancia em rela\u00e7\u00e3o a Barroso. Ele defendeu que o recurso deve ser considerado prejudicado por raz\u00f5es t\u00e9cnicas. Segundo ele, o tipo de instrumento jur\u00eddico usado n\u00e3o \u00e9 v\u00e1lido para discutir a quest\u00e3o. O ministro Ricardo Lewandowski tamb\u00e9m se posicionou contra.<\/p>\n<p class=\"canvas-atom canvas-text Mb(1.0em) Mb(0)--sm Mt(0.8em)--sm\" data-reactid=\"32\">&#8220;N\u00f3s n\u00e3o podemos fazer reforma pol\u00edtica a partir de uma decis\u00e3o jurisprudencial&#8221;, afirmou Lewandowski, ao destacar que, por mais relevante seja o debate, o Supremo n\u00e3o \u00e9 o foro adequado para discutir o tema. &#8220;N\u00e3o se pode pin\u00e7ar o tema abstratamente para se dar repercuss\u00e3o geral&#8221;, destacou.<\/p>\n<p class=\"canvas-atom canvas-text Mb(1.0em) Mb(0)--sm Mt(0.8em)--sm\" data-reactid=\"33\">Segundo Marco Aur\u00e9lio, outro voto contra, &#8220;o momento \u00e9 de temperan\u00e7a, n\u00e3o de agravar a crise no Brasil&#8221;.<\/p>\n<p class=\"canvas-atom canvas-text Mb(1.0em) Mb(0)--sm Mt(0.8em)--sm\" data-reactid=\"34\">O ministro Gilmar Mendes, presidente do Tribunal Superior Eleitoral (TSE), tamb\u00e9m discordou da possibilidade de se julgar a quest\u00e3o, por meio desse recurso. &#8220;Tamb\u00e9m fico fascinado pelo debate, \u00e9 extremamente importante, mas acho que h\u00e1 \u00f3bices para essa discuss\u00e3o&#8221;, disse.<\/p>\n<p class=\"canvas-atom canvas-text Mb(1.0em) Mb(0)--sm Mt(0.8em)--sm\" data-reactid=\"35\">Contudo, os ministros Edson Fachin, Rosa Weber, Luiz Fux, Celso de Mello e a presidente da Corte, C\u00e1rmen L\u00facia, apoiaram a posi\u00e7\u00e3o de Barroso. &#8220;Torna-se menos importante o caso conc<\/p>\n<div data-reactid=\"42\">\n<div id=\"mrt-node-Col1-0-ContentCanvas\" data-locator=\"subtree-root\">\n<div id=\"Col1-0-ContentCanvas-Proxy\" data-reactroot=\"\" data-reactid=\"1\" data-react-checksum=\"-1656132180\">\n<div id=\"Col1-0-ContentCanvas\" class=\"content-canvas Bgc(#fff) Pos(r)\" data-reactid=\"2\">\n<article data-uuid=\"1b77e952-f9c8-34c6-a586-580fc0fcd0a7\" data-type=\"story\" data-reactid=\"9\">\n<div class=\"canvas-body Wow(bw) Cl(start) Mb(20px) Fz(15px) Lh(1.6) C($c-fuji-grey-l) Ff($ff-secondary) D(i)\" data-reactid=\"21\">\n<p class=\"canvas-atom canvas-text Mb(1.0em) Mb(0)--sm Mt(0.8em)--sm\" data-reactid=\"35\">reto, mas mais relevante a tese a ser discutida&#8221;, defendeu o decano Celso de Mello.<\/p>\n<p class=\"canvas-atom canvas-text Mb(1.0em) Mb(0)--sm Mt(0.8em)--sm\" data-reactid=\"36\">Mendes, ap\u00f3s a maioria formada, chegou a afirmar que, na gest\u00e3o dele, o TSE n\u00e3o teria condi\u00e7\u00f5es de processar candidaturas de pessoas que n\u00e3o estejam filiadas a partidos pol\u00edticos. &#8220;N\u00e3o temos condi\u00e7\u00f5es de fazer elei\u00e7\u00f5es com candidaturas avulsas&#8221;, avisou.<\/p>\n<div data-reactid=\"43\">Fonte: <a href=\"https:\/\/br.noticias.yahoo.com\/stf-decide-colocar-em-julgamento-recurso-que-pode-194012349.html\">Yahoo<\/a><\/div>\n<\/div>\n<\/article>\n<\/div>\n<\/div>\n<\/div>\n<\/div>\n","protected":false},"excerpt":{"rendered":"<p>A maioria dos ministros do Supremo Tribunal Federal (STF) decidiu na quinta-feira passada, dia 05\/10\/2017, fazer um julgamento de um recurso que poder\u00e1 liberar um candidato a cargo eletivo concorrer sem que esteja filiado a um partido pol\u00edtico, a chamada candidatura avulsa.&hellip;<\/p>\n","protected":false},"author":1,"featured_media":741,"comment_status":"open","ping_status":"open","sticky":false,"template":"","format":"standard","meta":{"footnotes":""},"categories":[4],"tags":[230,229,66],"_links":{"self":[{"href":"https:\/\/pertinente.com.br\/site\/wp-json\/wp\/v2\/posts\/740"}],"collection":[{"href":"https:\/\/pertinente.com.br\/site\/wp-json\/wp\/v2\/posts"}],"about":[{"href":"https:\/\/pertinente.com.br\/site\/wp-json\/wp\/v2\/types\/post"}],"author":[{"embeddable":true,"href":"https:\/\/pertinente.com.br\/site\/wp-json\/wp\/v2\/users\/1"}],"replies":[{"embeddable":true,"href":"https:\/\/pertinente.com.br\/site\/wp-json\/wp\/v2\/comments?post=740"}],"version-history":[{"count":2,"href":"https:\/\/pertinente.com.br\/site\/wp-json\/wp\/v2\/posts\/740\/revisions"}],"predecessor-version":[{"id":744,"href":"https:\/\/pertinente.com.br\/site\/wp-json\/wp\/v2\/posts\/740\/revisions\/744"}],"wp:featuredmedia":[{"embeddable":true,"href":"https:\/\/pertinente.com.br\/site\/wp-json\/wp\/v2\/media\/741"}],"wp:attachment":[{"href":"https:\/\/pertinente.com.br\/site\/wp-json\/wp\/v2\/media?parent=740"}],"wp:term":[{"taxonomy":"category","embeddable":true,"href":"https:\/\/pertinente.com.br\/site\/wp-json\/wp\/v2\/categories?post=740"},{"taxonomy":"post_tag","embeddable":true,"href":"https:\/\/pertinente.com.br\/site\/wp-json\/wp\/v2\/tags?post=740"}],"curies":[{"name":"wp","href":"https:\/\/api.w.org\/{rel}","templated":true}]}}