{"id":765,"date":"2017-10-19T23:17:18","date_gmt":"2017-10-20T02:17:18","guid":{"rendered":"http:\/\/pertinente.com.br\/site\/?p=765"},"modified":"2017-10-19T23:17:18","modified_gmt":"2017-10-20T02:17:18","slug":"justica-federal-multa-neymar-em-38-milhoes-de-reais-por-ma-fe","status":"publish","type":"post","link":"https:\/\/pertinente.com.br\/site\/2017\/10\/19\/justica-federal-multa-neymar-em-38-milhoes-de-reais-por-ma-fe\/","title":{"rendered":"Justi\u00e7a Federal multa Neymar em 3,8 milh\u00f5es de reais por \u201cm\u00e1-f\u00e9\u201d"},"content":{"rendered":"<p><a href=\"http:\/\/pertinente.com.br\/site\/wp-content\/uploads\/2017\/10\/spain_soccer_la_liga_amar.jpg\"><img loading=\"lazy\" decoding=\"async\" class=\"alignnone wp-image-766 \" src=\"http:\/\/pertinente.com.br\/site\/wp-content\/uploads\/2017\/10\/spain_soccer_la_liga_amar.jpg\" alt=\"\" width=\"670\" height=\"447\" srcset=\"https:\/\/pertinente.com.br\/site\/wp-content\/uploads\/2017\/10\/spain_soccer_la_liga_amar.jpg 3891w, https:\/\/pertinente.com.br\/site\/wp-content\/uploads\/2017\/10\/spain_soccer_la_liga_amar-300x200.jpg 300w, https:\/\/pertinente.com.br\/site\/wp-content\/uploads\/2017\/10\/spain_soccer_la_liga_amar-768x512.jpg 768w, https:\/\/pertinente.com.br\/site\/wp-content\/uploads\/2017\/10\/spain_soccer_la_liga_amar-1024x683.jpg 1024w\" sizes=\"(max-width: 670px) 100vw, 670px\" \/><\/a><\/p>\n<p>Um tribunal de segunda inst\u00e2ncia multou\u00a0<a href=\"https:\/\/brasil.elpais.com\/tag\/neymar_da_silva_santos_junior\/a\">Neymar<\/a>\u00a0em 3,8 milh\u00f5es de reais por considerar que agiu de \u201cm\u00e1-f\u00e9\u201d ao tentar, atrav\u00e9s de seus advogados, atrasar as decis\u00f5es da Justi\u00e7a no processo que enfrenta por seus problemas com o Fisco. A\u00a0<a href=\"https:\/\/brasil.elpais.com\/brasil\/2017\/08\/02\/deportes\/1501697903_723800.html\">multa tamb\u00e9m atinge seu pai<\/a>\u00a0e tr\u00eas empresas que administram sua carreira, informaram fontes judiciais nesta quinta-feira.<\/p>\n<p>A san\u00e7\u00e3o foi imposta na ter\u00e7a-feira pelo Tribunal Regional Federal da 3.<sup>a<\/sup>\u00a0Regi\u00e3o, num processo pelo qual a Justi\u00e7a j\u00e1 bloqueou 192,7 milh\u00f5es de reais em bens da fam\u00edlia do jogador, em setembro de 2015, para garantir o pagamento de suas d\u00edvidas com a Receita Federal. A multa corresponde a 2% do valor bloqueado. H\u00e1 dois anos, o\u00a0<a href=\"https:\/\/brasil.elpais.com\/brasil\/2017\/05\/17\/politica\/1494977302_541198.html\">Fisco<\/a>\u00a0acusou Neymar de n\u00e3o ter pagado a totalidade de seus impostos como pessoa f\u00edsica entre 2011 e 2013, quando ainda jogava pelo Santos, al\u00e9m de utilizar as empresas da fam\u00edlia para pagar menos tributos.<\/p>\n<p>De acordo com a Receita, o atacante criou algumas empresas somente para receber parte de seus sal\u00e1rios e de seus direitos de imagem, com o objetivo de n\u00e3o pagar a taxa de imposto que incide sobre as pessoas f\u00edsicas (27,5%), que \u00e9 muito superior \u00e0 devida por pessoas jur\u00eddicas (entre 15% e 25%). Em sua defesa, o pai do jogador, que tamb\u00e9m \u00e9 seu representante, tem argumentado que j\u00e1 havia constitu\u00eddo a empresa quando Neymar tinha menos de 16 anos pela impossibilidade de o filho assinar contrato de atleta profissional.<\/p>\n<p>Em sua decis\u00e3o, o desembargador Carlos Muta considerou que a conduta de Neymar no processo \u201ccaracteriza litig\u00e2ncia de m\u00e1-f\u00e9 e ato atentat\u00f3rio \u00e0 dignidade da Justi\u00e7a\u201d pela clara inten\u00e7\u00e3o dos recursos utilizados por sua defesa para atrasar o processo. De acordo com Muta, o ex-jogador do\u00a0<a href=\"https:\/\/brasil.elpais.com\/tag\/barcelona\/a\">Barcelona<\/a>\u00a0e do\u00a0<a href=\"https:\/\/brasil.elpais.com\/tag\/santos_fc\/a\">Santos<\/a>\u00a0buscou \u201cembara\u00e7ar a continuidade do processamento\u201d.<\/p>\n<p>O tribunal ressalta que a multa n\u00e3o corresponde \u00e0 quest\u00e3o central do processo, que ainda ser\u00e1 julgado. Neymar tamb\u00e9m aguarda julgamento em uma a\u00e7\u00e3o semelhante da Espanha, onde\u00a0<a href=\"https:\/\/brasil.elpais.com\/brasil\/2017\/05\/04\/deportes\/1493905731_260674.html\" target=\"_blank\" rel=\"noopener\">a Promotoria pediu dois anos de deten\u00e7\u00e3o e 10 milh\u00f5es de euros<\/a>\u00a0(35 milh\u00f5es de reais) de multa para o jogador pela oculta\u00e7\u00e3o de valores na transfer\u00eancia do Santos para o Bar\u00e7a. O atacante, que hoje defende o PSG, ainda n\u00e3o se pronunciou sobre a senten\u00e7a do Tribunal Regional Federal.<\/p>\n<p>Fonte: <a href=\"https:\/\/brasil.elpais.com\/brasil\/2017\/10\/19\/deportes\/1508430249_068302.html\">El Pa\u00eds<\/a><\/p>\n","protected":false},"excerpt":{"rendered":"<p>Um tribunal de segunda inst\u00e2ncia multou\u00a0Neymar\u00a0em 3,8 milh\u00f5es de reais por considerar que agiu de \u201cm\u00e1-f\u00e9\u201d ao tentar, atrav\u00e9s de seus advogados, atrasar as decis\u00f5es da Justi\u00e7a no processo que enfrenta por seus problemas com o Fisco. A\u00a0multa tamb\u00e9m atinge seu pai\u00a0e&hellip;<\/p>\n","protected":false},"author":1,"featured_media":766,"comment_status":"open","ping_status":"open","sticky":false,"template":"","format":"standard","meta":{"footnotes":""},"categories":[4],"tags":[242,128,42,240,241],"_links":{"self":[{"href":"https:\/\/pertinente.com.br\/site\/wp-json\/wp\/v2\/posts\/765"}],"collection":[{"href":"https:\/\/pertinente.com.br\/site\/wp-json\/wp\/v2\/posts"}],"about":[{"href":"https:\/\/pertinente.com.br\/site\/wp-json\/wp\/v2\/types\/post"}],"author":[{"embeddable":true,"href":"https:\/\/pertinente.com.br\/site\/wp-json\/wp\/v2\/users\/1"}],"replies":[{"embeddable":true,"href":"https:\/\/pertinente.com.br\/site\/wp-json\/wp\/v2\/comments?post=765"}],"version-history":[{"count":1,"href":"https:\/\/pertinente.com.br\/site\/wp-json\/wp\/v2\/posts\/765\/revisions"}],"predecessor-version":[{"id":767,"href":"https:\/\/pertinente.com.br\/site\/wp-json\/wp\/v2\/posts\/765\/revisions\/767"}],"wp:featuredmedia":[{"embeddable":true,"href":"https:\/\/pertinente.com.br\/site\/wp-json\/wp\/v2\/media\/766"}],"wp:attachment":[{"href":"https:\/\/pertinente.com.br\/site\/wp-json\/wp\/v2\/media?parent=765"}],"wp:term":[{"taxonomy":"category","embeddable":true,"href":"https:\/\/pertinente.com.br\/site\/wp-json\/wp\/v2\/categories?post=765"},{"taxonomy":"post_tag","embeddable":true,"href":"https:\/\/pertinente.com.br\/site\/wp-json\/wp\/v2\/tags?post=765"}],"curies":[{"name":"wp","href":"https:\/\/api.w.org\/{rel}","templated":true}]}}