{"id":793,"date":"2017-11-18T17:46:15","date_gmt":"2017-11-18T20:46:15","guid":{"rendered":"http:\/\/pertinente.com.br\/site\/?p=793"},"modified":"2017-11-18T17:46:15","modified_gmt":"2017-11-18T20:46:15","slug":"associacao-de-juizes-questiona-no-stf-decisao-que-livrou-presidente-da-alerj-e-demais-deputados","status":"publish","type":"post","link":"https:\/\/pertinente.com.br\/site\/2017\/11\/18\/associacao-de-juizes-questiona-no-stf-decisao-que-livrou-presidente-da-alerj-e-demais-deputados\/","title":{"rendered":"Associa\u00e7\u00e3o de ju\u00edzes questiona no STF decis\u00e3o que livrou presidente da Alerj e demais deputados"},"content":{"rendered":"<p><a href=\"http:\/\/pertinente.com.br\/site\/wp-content\/uploads\/2017\/11\/xJorge-Picciani-Paulo-Melo-e-Edson-Albertassi.jpg.pagespeed.ic_.P2eyTO21vy.jpg\"><img loading=\"lazy\" decoding=\"async\" class=\"size-full wp-image-794 aligncenter\" src=\"http:\/\/pertinente.com.br\/site\/wp-content\/uploads\/2017\/11\/xJorge-Picciani-Paulo-Melo-e-Edson-Albertassi.jpg.pagespeed.ic_.P2eyTO21vy.jpg\" alt=\"\" width=\"699\" height=\"420\" srcset=\"https:\/\/pertinente.com.br\/site\/wp-content\/uploads\/2017\/11\/xJorge-Picciani-Paulo-Melo-e-Edson-Albertassi.jpg.pagespeed.ic_.P2eyTO21vy.jpg 699w, https:\/\/pertinente.com.br\/site\/wp-content\/uploads\/2017\/11\/xJorge-Picciani-Paulo-Melo-e-Edson-Albertassi.jpg.pagespeed.ic_.P2eyTO21vy-300x180.jpg 300w\" sizes=\"(max-width: 699px) 100vw, 699px\" \/><\/a><\/p>\n<p>A Associa\u00e7\u00e3o dos Magistrados Brasileiros (AMB) vai questionar no Supremo Tribunal Federal (STF) as decis\u00f5es de\u00a0Assembleias Legislativas\u00a0estaduais que liberaram parlamentares da pris\u00e3o ou\u00a0do\u00a0cumprimento de cautelares, como a que\u00a0<strong><a href=\"http:\/\/politica.estadao.com.br\/noticias\/geral,um-dia-apos-prisao-alerj-decide-soltar-picciani-melo-e-albertassi,70002088377\" target=\"_blank\" rel=\"noopener\">soltou os deputados\u00a0Jorge Picciani, Edson Albertassi e Paulo Melo<\/a><\/strong>, todos do PMDB do Rio de Janeiro, na sexta-feira.\u00a0A\u00a0pris\u00e3o dos tr\u00eas havia sido determinada pelo Tribunal Regional Federal da 2.\u00aa Regi\u00e3o (TRF-2), na v\u00e9spera, como parte da Opera\u00e7\u00e3o Cadeia Velha, um desdobramento da Opera\u00e7\u00e3o Lava Jato.<\/p>\n<p>Segundo o presidente da AMB, Jayme Oliveira, os legislativos estaduais est\u00e3o utilizando um dispositivo da Constitui\u00e7\u00e3o restrito aos parlamentares do Congresso Nacional. \u201cN\u00e3o \u00e9 s\u00f3 a situa\u00e7\u00e3o da Alerj. N\u00f3s j\u00e1 tivemos situa\u00e7\u00e3o semelhante no Rio Grande do Norte e no Mato Grosso. A situa\u00e7\u00e3o est\u00e1 se repetindo. Vamos questionar n\u00e3o s\u00f3 essa\u00a0(do Rio), mas todas as decis\u00f5es que est\u00e3o dando uma interpreta\u00e7\u00e3o extensiva\u201d, afirmou Oliveira. A a\u00e7\u00e3o da AMB ser\u00e1 protocolada no STF at\u00e9 ter\u00e7a-feira, 21.<\/p>\n<p>Nos bastidores do STF, h\u00e1 um desconforto com o fato de os\u00a0<strong><a href=\"http:\/\/politica.estadao.com.br\/noticias\/geral,veja-como-votaram-os-deputados-na-decisao-que-livrou-picciani-melo-e-albertassi,70002088401\" target=\"_blank\" rel=\"noopener\">parlamentares estaduais justificarem as decis\u00f5es pol\u00edticas<\/a><\/strong>\u00a0utilizando como fundamento a decis\u00e3o da pr\u00f3pria Corte no caso do senador A\u00e9cio Neves (PSDB-MG). Por maioria apertada, o plen\u00e1rio do Tribunal decidiu que medidas cautelares diversas da pris\u00e3o preventiva, j\u00e1 prevista na Constitui\u00e7\u00e3o, tamb\u00e9m precisam passar pelo crivo do Congresso ap\u00f3s determinadas pelo Poder Judici\u00e1rio. O que se argumenta no Supremo, no entanto, \u00e9 que a Corte discutiu as medidas diferentes da pris\u00e3o e impostas a membros do Legislativo federal e n\u00e3o estadual. A presidente C\u00e1rmen L\u00facia chegou a lamentar, a pessoas pr\u00f3ximas, que se fa\u00e7a uma confus\u00e3o envolvendo a decis\u00e3o da Corte.<\/p>\n<p>Nos bastidores do STF, h\u00e1 um desconforto com o fato de os\u00a0<strong><a href=\"http:\/\/politica.estadao.com.br\/noticias\/geral,veja-como-votaram-os-deputados-na-decisao-que-livrou-picciani-melo-e-albertassi,70002088401\" target=\"_blank\" rel=\"noopener\">parlamentares estaduais justificarem as decis\u00f5es pol\u00edticas<\/a><\/strong>\u00a0utilizando como fundamento a decis\u00e3o da pr\u00f3pria Corte no caso do senador A\u00e9cio Neves (PSDB-MG). Por maioria apertada, o plen\u00e1rio do Tribunal decidiu que medidas cautelares diversas da pris\u00e3o preventiva, j\u00e1 prevista na Constitui\u00e7\u00e3o, tamb\u00e9m precisam passar pelo crivo do Congresso ap\u00f3s determinadas pelo Poder Judici\u00e1rio. O que se argumenta no Supremo, no entanto, \u00e9 que a Corte discutiu as medidas diferentes da pris\u00e3o e impostas a membros do Legislativo federal e n\u00e3o estadual. A presidente C\u00e1rmen L\u00facia chegou a lamentar, a pessoas pr\u00f3ximas, que se fa\u00e7a uma confus\u00e3o envolvendo a decis\u00e3o da Corte.<\/p>\n<p>Fonte: <a href=\"http:\/\/politica.estadao.com.br\/noticias\/geral,associacao-de-juizes-vai-ao-stf-contra-decisao-que-livrou-deputados,70002089205\">Estad\u00e3o<\/a><\/p>\n","protected":false},"excerpt":{"rendered":"<p>A Associa\u00e7\u00e3o dos Magistrados Brasileiros (AMB) vai questionar no Supremo Tribunal Federal (STF) as decis\u00f5es de\u00a0Assembleias Legislativas\u00a0estaduais que liberaram parlamentares da pris\u00e3o ou\u00a0do\u00a0cumprimento de cautelares, como a que\u00a0soltou os deputados\u00a0Jorge Picciani, Edson Albertassi e Paulo Melo, todos do PMDB do Rio de&hellip;<\/p>\n","protected":false},"author":1,"featured_media":794,"comment_status":"open","ping_status":"open","sticky":false,"template":"","format":"standard","meta":{"footnotes":""},"categories":[4],"tags":[254,253,256,255,80,66],"_links":{"self":[{"href":"https:\/\/pertinente.com.br\/site\/wp-json\/wp\/v2\/posts\/793"}],"collection":[{"href":"https:\/\/pertinente.com.br\/site\/wp-json\/wp\/v2\/posts"}],"about":[{"href":"https:\/\/pertinente.com.br\/site\/wp-json\/wp\/v2\/types\/post"}],"author":[{"embeddable":true,"href":"https:\/\/pertinente.com.br\/site\/wp-json\/wp\/v2\/users\/1"}],"replies":[{"embeddable":true,"href":"https:\/\/pertinente.com.br\/site\/wp-json\/wp\/v2\/comments?post=793"}],"version-history":[{"count":1,"href":"https:\/\/pertinente.com.br\/site\/wp-json\/wp\/v2\/posts\/793\/revisions"}],"predecessor-version":[{"id":795,"href":"https:\/\/pertinente.com.br\/site\/wp-json\/wp\/v2\/posts\/793\/revisions\/795"}],"wp:featuredmedia":[{"embeddable":true,"href":"https:\/\/pertinente.com.br\/site\/wp-json\/wp\/v2\/media\/794"}],"wp:attachment":[{"href":"https:\/\/pertinente.com.br\/site\/wp-json\/wp\/v2\/media?parent=793"}],"wp:term":[{"taxonomy":"category","embeddable":true,"href":"https:\/\/pertinente.com.br\/site\/wp-json\/wp\/v2\/categories?post=793"},{"taxonomy":"post_tag","embeddable":true,"href":"https:\/\/pertinente.com.br\/site\/wp-json\/wp\/v2\/tags?post=793"}],"curies":[{"name":"wp","href":"https:\/\/api.w.org\/{rel}","templated":true}]}}