{"id":804,"date":"2018-01-10T13:39:27","date_gmt":"2018-01-10T16:39:27","guid":{"rendered":"http:\/\/pertinente.com.br\/site\/?p=804"},"modified":"2018-01-10T13:39:27","modified_gmt":"2018-01-10T16:39:27","slug":"pressionado-pelo-veto-da-justica-temer-pede-que-cristiane-brasil-desista-de-ministerio","status":"publish","type":"post","link":"https:\/\/pertinente.com.br\/site\/2018\/01\/10\/pressionado-pelo-veto-da-justica-temer-pede-que-cristiane-brasil-desista-de-ministerio\/","title":{"rendered":"Pressionado pelo veto da Justi\u00e7a, Temer pede que Cristiane Brasil desista de minist\u00e9rio"},"content":{"rendered":"<p><a href=\"http:\/\/pertinente.com.br\/site\/wp-content\/uploads\/2018\/01\/cristiane-brasil.jpg\"><img loading=\"lazy\" decoding=\"async\" class=\"wp-image-805 aligncenter\" src=\"http:\/\/pertinente.com.br\/site\/wp-content\/uploads\/2018\/01\/cristiane-brasil.jpg\" alt=\"\" width=\"619\" height=\"348\" srcset=\"https:\/\/pertinente.com.br\/site\/wp-content\/uploads\/2018\/01\/cristiane-brasil.jpg 1024w, https:\/\/pertinente.com.br\/site\/wp-content\/uploads\/2018\/01\/cristiane-brasil-300x169.jpg 300w, https:\/\/pertinente.com.br\/site\/wp-content\/uploads\/2018\/01\/cristiane-brasil-768x432.jpg 768w\" sizes=\"(max-width: 619px) 100vw, 619px\" \/><\/a><\/p>\n<p>Poucos minutos ap\u00f3s o Tribunal Regional Federal da 2\u00aa Regi\u00e3o manter <a href=\"https:\/\/brasil.elpais.com\/brasil\/2018\/01\/08\/politica\/1515451942_470456.html\" target=\"_blank\" rel=\"noopener\">a suspens\u00e3o da posse da deputada Cristiane Brasil<\/a> (PTB-RJ) no cargo de ministra do Trabalho, o presidente <a href=\"https:\/\/brasil.elpais.com\/tag\/michel_temer\/a\/\" target=\"_blank\" rel=\"noopener\">Michel Temer (MDB)<\/a> se reuniu com a parlamentar no Pal\u00e1cio do Planalto e pediu que ela desistisse de assumir o cargo. Temer n\u00e3o quer se ver obrigado a desconvid\u00e1-la para a fun\u00e7\u00e3o e nem quer gerar uma crise com o <a href=\"https:\/\/brasil.elpais.com\/tag\/ptb_partido_laborista_brasileno\/a\/\">PTB<\/a>, partido de sua base aliada que possui 16 deputados e dois senadores. Desde que o tamb\u00e9m deputado petebista Ronaldo Nogueira apresentou sua carta de exonera\u00e7\u00e3o do minist\u00e9rio, no fim de 2017, as idas e vindas em busca de seu substituto tem tomado o tempo do presidente e geram uma pequena crise em pleno recesso parlamentar, algo incomum na pol\u00edtica brasileira.<\/p>\n<p>Apesar de pedir para que <a href=\"https:\/\/brasil.elpais.com\/tag\/cristiane_brasil_francisco\/a\/\">Cristiane Brasil<\/a> desista de se tornar ministra, o Governo dever\u00e1 solicitar que a Advocacia Geral da Uni\u00e3o recorra da decis\u00e3o ao <a href=\"https:\/\/brasil.elpais.com\/tag\/stf_supremo_tribunal_federal\/a\">Supremo Tribunal Federal<\/a>. Paralelamente, estuda outros nomes do PTB que poderiam assumir a fun\u00e7\u00e3o. O l\u00edder do PTB na C\u00e2mara, Jovair Arantes, tamb\u00e9m esteve no encontro com Temer. Ap\u00f3s a reuni\u00e3o, ele disse que o partido n\u00e3o tem outros nomes para indicar para o minist\u00e9rio e que a posse da deputada est\u00e1 suspensa at\u00e9 uma defini\u00e7\u00e3o final do Judici\u00e1rio sobre o assunto.<\/p>\n<div id=\"articulo_contenedor\" class=\"articulo__contenedor\">\n<div id=\"cuerpo_noticia\" class=\"articulo-cuerpo\">\n<p>Poucos minutos ap\u00f3s o Tribunal Regional Federal da 2\u00aa Regi\u00e3o manter <a href=\"https:\/\/brasil.elpais.com\/brasil\/2018\/01\/08\/politica\/1515451942_470456.html\" target=\"_blank\" rel=\"noopener\">a suspens\u00e3o da posse da deputada Cristiane Brasil<\/a> (PTB-RJ) no cargo de ministra do Trabalho, o presidente <a href=\"https:\/\/brasil.elpais.com\/tag\/michel_temer\/a\/\" target=\"_blank\" rel=\"noopener\">Michel Temer (MDB)<\/a> se reuniu com a parlamentar no Pal\u00e1cio do Planalto e pediu que ela desistisse de assumir o cargo. Temer n\u00e3o quer se ver obrigado a desconvid\u00e1-la para a fun\u00e7\u00e3o e nem quer gerar uma crise com o <a href=\"https:\/\/brasil.elpais.com\/tag\/ptb_partido_laborista_brasileno\/a\/\">PTB<\/a>, partido de sua base aliada que possui 16 deputados e dois senadores. Desde que o tamb\u00e9m deputado petebista Ronaldo Nogueira apresentou sua carta de exonera\u00e7\u00e3o do minist\u00e9rio, no fim de 2017, as idas e vindas em busca de seu substituto tem tomado o tempo do presidente e geram uma pequena crise em pleno recesso parlamentar, algo incomum na pol\u00edtica brasileira.<\/p>\n<p>Apesar de pedir para que <a href=\"https:\/\/brasil.elpais.com\/tag\/cristiane_brasil_francisco\/a\/\">Cristiane Brasil<\/a> desista de se tornar ministra, o Governo dever\u00e1 solicitar que a Advocacia Geral da Uni\u00e3o recorra da decis\u00e3o ao <a href=\"https:\/\/brasil.elpais.com\/tag\/stf_supremo_tribunal_federal\/a\">Supremo Tribunal Federal<\/a>. Paralelamente, estuda outros nomes do PTB que poderiam assumir a fun\u00e7\u00e3o. O l\u00edder do PTB na C\u00e2mara, Jovair Arantes, tamb\u00e9m esteve no encontro com Temer. Ap\u00f3s a reuni\u00e3o, ele disse que o partido n\u00e3o tem outros nomes para indicar para o minist\u00e9rio e que a posse da deputada est\u00e1 suspensa at\u00e9 uma defini\u00e7\u00e3o final do Judici\u00e1rio sobre o assunto.<\/p>\n<\/div>\n<div id=\"cuerpo_noticia\" class=\"articulo-cuerpo\">\n<p><a href=\"https:\/\/brasil.elpais.com\/brasil\/2018\/01\/03\/politica\/1515010782_803043.html\" target=\"_blank\" rel=\"noopener\">Antes de Cristiane Brasil ser indicada<\/a>, o deputado Pedro Fernandes (PTB-MA) havia sido sondado para a fun\u00e7\u00e3o. Sua nomea\u00e7\u00e3o era dada como certa, mas o ex-presidente Jos\u00e9 Sarney (MDB), uma esp\u00e9cie de conselheiro informal de Temer, o vetou. A raz\u00e3o: no Maranh\u00e3o, Fernandes \u00e9 advers\u00e1rio pr\u00f3ximo de advers\u00e1rios pol\u00edticos de Sarney.<\/p>\n<p>O imbr\u00f3glio envolvendo a quase ministra iniciou-se quando, ap\u00f3s sua indica\u00e7\u00e3o para o cargo, vieram \u00e0 tona dois processos trabalhistas a que ela respondia. Cristiane era acusada de ter contratado dois motoristas e n\u00e3o ter assinado a carteira de trabalho deles. Em um dos casos, foi condenada a pagar 60.400 reais. No outro, assinou um acordo para se livrar da condena\u00e7\u00e3o e se comprometeu a pagar 14.000 reais ao ex-funcion\u00e1rio.<\/p>\n<\/div>\n<\/div>\n<p>Na segunda-feira, o juiz federal Leonardo da Costa Couceiro decidiu que ela n\u00e3o poderia ser empossada no cargo de ministra sob o argumento de que essas condena\u00e7\u00f5es feriam a \u201cmoralidade administrativa\u201d. A a\u00e7\u00e3o foi impetrada por um grupo de advogados trabalhistas do Rio de Janeiro. Nesta ter\u00e7a-feira, a decis\u00e3o foi ratificada pelo vice-presidente do Tribunal Regional Federal da 2\u00aa Regi\u00e3o, Guilherme Couto de Castro.<\/p>\n<p>Cumprindo seu primeiro mandato na <a href=\"https:\/\/brasil.elpais.com\/tag\/camara_deputados_brasil\/a\" target=\"_blank\" rel=\"noopener\">C\u00e2mara dos Deputados<\/a>, Cristiane vinha se destacando como uma atuante parlamentar, mas era mais conhecida como a filha de <a href=\"https:\/\/brasil.elpais.com\/tag\/roberto_jefferson_monteiro_francisco\/a\/\">Roberto Jefferson,<\/a> o ex-deputado <a href=\"https:\/\/brasil.elpais.com\/tag\/caso_mensalao\/a\" target=\"_blank\" rel=\"noopener\">condenado pelo mensal\u00e3o<\/a> que revelou a exist\u00eancia do esquema de pagamentos a parlamentares em troca de votos durante o Governo Lula.<\/p>\n<p>Nos \u00faltimos anos, a Justi\u00e7a tem interferido diretamente em nomea\u00e7\u00f5es e posses de ministros no Brasil. No Governo Dilma Rousseff, o ex-presidente <a href=\"https:\/\/brasil.elpais.com\/tag\/luiz_inacio_da_silva\/a\" target=\"_blank\" rel=\"noopener\">Luiz In\u00e1cio Lula da Silva<\/a> foi impedido pelo STF de se tornar ministro da Casa Civil sob a justificativa de que sua posse seria uma forma de lhe garantir foro privilegiado, j\u00e1 que \u00e9 investigado pela opera\u00e7\u00e3o Lava Jato. Por outro lado, o atuam ministro da Secretaria-Geral da Presid\u00eancia, <a href=\"https:\/\/brasil.elpais.com\/brasil\/2017\/02\/02\/politica\/1486069819_455685.html\" target=\"_blank\" rel=\"noopener\">Wellington Moreira Franco<\/a>, obteve uma decis\u00e3o judicial favor\u00e1vel \u00e0 sua nomea\u00e7\u00e3o, mesmo ele tamb\u00e9m sendo investigado na mesma opera\u00e7\u00e3o policial. No pr\u00f3prio caso de Cristiane, que assim como os outros dois exemplos teve seu nome envolvido na <a href=\"https:\/\/brasil.elpais.com\/tag\/operacion_lava_jato\/a\" target=\"_blank\" rel=\"noopener\">Lava Jato<\/a>, uma ju\u00edza do Rio de Janeiro j\u00e1 havia se manifestado a favor de sua nomea\u00e7\u00e3o.<\/p>\n<p>Fonte: <a href=\"https:\/\/brasil.elpais.com\/brasil\/2018\/01\/09\/politica\/1515520386_616674.html\">El Pa\u00eds<\/a><\/p>\n","protected":false},"excerpt":{"rendered":"<p>Poucos minutos ap\u00f3s o Tribunal Regional Federal da 2\u00aa Regi\u00e3o manter a suspens\u00e3o da posse da deputada Cristiane Brasil (PTB-RJ) no cargo de ministra do Trabalho, o presidente Michel Temer (MDB) se reuniu com a parlamentar no Pal\u00e1cio do Planalto e pediu&hellip;<\/p>\n","protected":false},"author":1,"featured_media":805,"comment_status":"open","ping_status":"open","sticky":false,"template":"","format":"standard","meta":{"footnotes":""},"categories":[4],"tags":[266,265,264,267,11],"_links":{"self":[{"href":"https:\/\/pertinente.com.br\/site\/wp-json\/wp\/v2\/posts\/804"}],"collection":[{"href":"https:\/\/pertinente.com.br\/site\/wp-json\/wp\/v2\/posts"}],"about":[{"href":"https:\/\/pertinente.com.br\/site\/wp-json\/wp\/v2\/types\/post"}],"author":[{"embeddable":true,"href":"https:\/\/pertinente.com.br\/site\/wp-json\/wp\/v2\/users\/1"}],"replies":[{"embeddable":true,"href":"https:\/\/pertinente.com.br\/site\/wp-json\/wp\/v2\/comments?post=804"}],"version-history":[{"count":2,"href":"https:\/\/pertinente.com.br\/site\/wp-json\/wp\/v2\/posts\/804\/revisions"}],"predecessor-version":[{"id":807,"href":"https:\/\/pertinente.com.br\/site\/wp-json\/wp\/v2\/posts\/804\/revisions\/807"}],"wp:featuredmedia":[{"embeddable":true,"href":"https:\/\/pertinente.com.br\/site\/wp-json\/wp\/v2\/media\/805"}],"wp:attachment":[{"href":"https:\/\/pertinente.com.br\/site\/wp-json\/wp\/v2\/media?parent=804"}],"wp:term":[{"taxonomy":"category","embeddable":true,"href":"https:\/\/pertinente.com.br\/site\/wp-json\/wp\/v2\/categories?post=804"},{"taxonomy":"post_tag","embeddable":true,"href":"https:\/\/pertinente.com.br\/site\/wp-json\/wp\/v2\/tags?post=804"}],"curies":[{"name":"wp","href":"https:\/\/api.w.org\/{rel}","templated":true}]}}