{"id":808,"date":"2018-01-10T13:44:57","date_gmt":"2018-01-10T16:44:57","guid":{"rendered":"http:\/\/pertinente.com.br\/site\/?p=808"},"modified":"2018-01-10T13:44:57","modified_gmt":"2018-01-10T16:44:57","slug":"tratamento-vip-para-maluf-e-geddel-dentro-do-inferno-das-prisoes-para-presos-comuns","status":"publish","type":"post","link":"https:\/\/pertinente.com.br\/site\/2018\/01\/10\/tratamento-vip-para-maluf-e-geddel-dentro-do-inferno-das-prisoes-para-presos-comuns\/","title":{"rendered":"Tratamento VIP para Maluf e Geddel dentro do inferno das pris\u00f5es para presos comuns"},"content":{"rendered":"<p><a href=\"http:\/\/pertinente.com.br\/site\/wp-content\/uploads\/2018\/01\/0wktxwbk47u5cfl6css4qrmmd.jpg\"><img loading=\"lazy\" decoding=\"async\" class=\" wp-image-809 aligncenter\" src=\"http:\/\/pertinente.com.br\/site\/wp-content\/uploads\/2018\/01\/0wktxwbk47u5cfl6css4qrmmd.jpg\" alt=\"\" width=\"636\" height=\"427\" srcset=\"https:\/\/pertinente.com.br\/site\/wp-content\/uploads\/2018\/01\/0wktxwbk47u5cfl6css4qrmmd.jpg 700w, https:\/\/pertinente.com.br\/site\/wp-content\/uploads\/2018\/01\/0wktxwbk47u5cfl6css4qrmmd-300x201.jpg 300w\" sizes=\"(max-width: 636px) 100vw, 636px\" \/><\/a>Se para os milhares de presos brasileiros o dia a dia nas cadeias <a href=\"https:\/\/brasil.elpais.com\/brasil\/2017\/02\/17\/politica\/1487367445_156959.html\">\u00e9 o de plena insalubridade com celas superlotadas<\/a>, insetos e ratos transitando entre eles e tendo, muitas vezes, de dormir com o rosto ao lado de uma latrina, um seleto de grupo de acusados ou condenados por crimes do colarinho branco vive trancafiado em \u00e1reas especiais. Entre os presos da <a href=\"https:\/\/brasil.elpais.com\/tag\/operacion_lava_jato\/a\">Opera\u00e7\u00e3o Lava Jato<\/a> e de outros esc\u00e2ndalos de corrup\u00e7\u00e3o em Bras\u00edlia, t\u00eam essas condi\u00e7\u00f5es os deputados Paulo Maluf (PP-SP), condenado por corrup\u00e7\u00e3o passiva, e Celso Jacob (MDB-RJ), o ex-deputado e ex-ministro Geddel Vieira Lima (MDB-BA), <a href=\"https:\/\/brasil.elpais.com\/brasil\/2017\/09\/05\/politica\/1504623466_872533.html\">a quem pertencia, segundo a Pol\u00edcia Federal, um bunker que escondia 51 milh\u00f5es de reais em dinheiro<\/a>, o ex-senador Luiz Est\u00eav\u00e3o (sem partido) e o delator e ex-executivo da JBS Ricardo Saud.<\/p>\n<p>Enquanto assaltantes, homicidas e traficantes de drogas dividem suas celas com at\u00e9 outras 50 pessoas, em um espa\u00e7o que comportariam 12, os presos <em>VIPs<\/em> est\u00e3o em um bloco especial, no qual no m\u00e1ximo mais cinco est\u00e3o no mesmo ambiente. O bloco 5 do Complexo Penitenci\u00e1rio da Papuda \u00e9 destinado aos presos vulner\u00e1veis. Nesse grupo est\u00e3o os pol\u00edticos, os policiais e ex-policiais, os idosos e alguns estudantes. S\u00e3o considerados mais fr\u00e1geis do que o restante da massa carcer\u00e1ria porque poderiam se tornar presas f\u00e1ceis em eventuais rebeli\u00f5es, serem alvo de vingan\u00e7a por parte de algum outro delinquente ou v\u00edtimas de extors\u00f5es.<\/p>\n<p>\u201cPresos como o <a href=\"https:\/\/brasil.elpais.com\/tag\/paulo_salim_maluf\/a\">Maluf<\/a> ou o Luiz Est\u00eav\u00e3o s\u00e3o milion\u00e1rios. Os neg\u00f3cios dele continuam fora da pris\u00e3o. J\u00e1 pensou se um outro apenado tenta o extorquir? O Estado tem de garantir a vida deles e de todos os outros detentos\u201d, explicou o presidente do Sindicato dos Agentes Penitenci\u00e1rios do Distrito Federal, Leandro Allan Vieira.<\/p>\n<p>Outro fator que se reflete na ala <em>VIP<\/em> \u00e9 uma desigualdade de base do sistema penal brasileiro. O <a href=\"http:\/\/www.planalto.gov.br\/ccivil_03\/decreto-lei\/Del3689.htm\" target=\"_blank\" rel=\"noopener\">C\u00f3digo de Processo Penal<\/a> separa seus presos provis\u00f3rios por grau de escolaridade desde 1941. A passagem pela universidade \u00e9 um dos requisitos que podem levar um corrupto ou um assassino que aguarda julgamento a uma cela melhor. Mas algumas profiss\u00f5es espec\u00edficas ou m\u00e9ritos pouco transparentes podem tamb\u00e9m facilitar o caminho. A lei estabelece que advogados, delegados de pol\u00edcia, magistrados, membros do Minist\u00e9rio P\u00fablico, ministros de confiss\u00e3o religiosa, embaixadores, parlamentares, vereadores, prefeitos, governadores ou at\u00e9 membros do Tribunal do J\u00fari, entre outros, t\u00eam direito a uma cela especial at\u00e9 serem efetivamente condenados, um per\u00edodo que pode demorar meses ou at\u00e9 anos.<\/p>\n<p>Segundo dados do Departamento Penitenci\u00e1rio Nacional, no Distrito Federa, h\u00e1 15.194 presos em 7.229 vagas. Essa superlota\u00e7\u00e3o, no entanto, n\u00e3o ocorre na ala dos pol\u00edticos. \u201cTem umas 300 vagas no bloco, mas menos de 100 est\u00e3o ocupadas\u201d, afirmou o agente penitenci\u00e1rio Paulo Rog\u00e9rio Silva, que h\u00e1 dez anos atua na Papuda.<\/p>\n<p>Fora a diferen\u00e7a nos espa\u00e7os, os pol\u00edticos presos na Papuda tamb\u00e9m t\u00eam maior tempo de banho de sol. Isso porque, como s\u00e3o considerados de baixa periculosidade, podem transitar por longos per\u00edodos entre as celas, a cantina e o p\u00e1tio. O tempo livre \u00e9 das 7h \u00e0s 16h. Enquanto que nos outros blocos, esse per\u00edodo pode ser at\u00e9 tr\u00eas horas menor. A raz\u00e3o \u00e9 que os demais detentos precisam ser escoltados a maior parte do tempo. Com rela\u00e7\u00e3o \u00e0 alimenta\u00e7\u00e3o, nada muda. Tanto Geddel quanto um assaltante de \u00f4nibus t\u00eam as mesmas refei\u00e7\u00f5es.<\/p>\n<p>Outra distin\u00e7\u00e3o entre os dois tipos de presos da Papuda, segundo quatro agentes ouvidos pela reportagem, \u00e9 o n\u00famero de advogados e de recursos que eles apresentam para tentar se livrar da cadeia. Paulo Maluf, o decano na idade \u2013 86 anos \u2013 mas o calouro na ala pol\u00edtica \u2013 preso desde o dia 21 de dezembro \u2013, j\u00e1 apresentou ao menos dois pedidos para se livrar da pris\u00e3o. Em ambos, alegou que seus problemas de sa\u00fade (trata um c\u00e2ncer e \u00e9 cardiopata) o impediriam de ficar nesta pris\u00e3o, por isso, gostaria de cumprir o regime domiciliar. As mortes de dois detentos por parada card\u00edaca apavoraram o deputado, que teme n\u00e3o ter atendimento de urg\u00eancia, caso necessite.<\/p>\n<p>Nos pr\u00f3ximos dias, o juiz respons\u00e1vel pelo seu processo dever\u00e1 receber um laudo do Instituto M\u00e9dico Legal informando qual a gravidade das doen\u00e7as de Maluf. S\u00f3 ent\u00e3o deve decidir se ele ser\u00e1 ou n\u00e3o transferido para a sua mans\u00e3o em S\u00e3o Paulo.<\/p>\n<p>\u201cO ladr\u00e3o comete o crime e aguenta \u2018pagar a cadeia\u2019 [cumprir a pena]. O pol\u00edtico n\u00e3o. A\u00ed ele inventa pretextos para fugir da pena. E o que mais chateia e envergonha \u00e9 ver que muitas vezes, ministros como o Gilmar Mendes acreditam nas inverdades dos pol\u00edticos e manda soltar todos eles\u201d, resume o agente penitenci\u00e1rio Paulo Rog\u00e9rio Silva.<\/p>\n<p>Fonte: <a href=\"https:\/\/brasil.elpais.com\/brasil\/2018\/01\/07\/politica\/1515353313_918621.html\">El Pa\u00eds<\/a><\/p>\n","protected":false},"excerpt":{"rendered":"<p>Se para os milhares de presos brasileiros o dia a dia nas cadeias \u00e9 o de plena insalubridade com celas superlotadas, insetos e ratos transitando entre eles e tendo, muitas vezes, de dormir com o rosto ao lado de uma latrina, um&hellip;<\/p>\n","protected":false},"author":1,"featured_media":809,"comment_status":"open","ping_status":"open","sticky":false,"template":"","format":"standard","meta":{"footnotes":""},"categories":[4],"tags":[65,269,71,268],"_links":{"self":[{"href":"https:\/\/pertinente.com.br\/site\/wp-json\/wp\/v2\/posts\/808"}],"collection":[{"href":"https:\/\/pertinente.com.br\/site\/wp-json\/wp\/v2\/posts"}],"about":[{"href":"https:\/\/pertinente.com.br\/site\/wp-json\/wp\/v2\/types\/post"}],"author":[{"embeddable":true,"href":"https:\/\/pertinente.com.br\/site\/wp-json\/wp\/v2\/users\/1"}],"replies":[{"embeddable":true,"href":"https:\/\/pertinente.com.br\/site\/wp-json\/wp\/v2\/comments?post=808"}],"version-history":[{"count":1,"href":"https:\/\/pertinente.com.br\/site\/wp-json\/wp\/v2\/posts\/808\/revisions"}],"predecessor-version":[{"id":810,"href":"https:\/\/pertinente.com.br\/site\/wp-json\/wp\/v2\/posts\/808\/revisions\/810"}],"wp:featuredmedia":[{"embeddable":true,"href":"https:\/\/pertinente.com.br\/site\/wp-json\/wp\/v2\/media\/809"}],"wp:attachment":[{"href":"https:\/\/pertinente.com.br\/site\/wp-json\/wp\/v2\/media?parent=808"}],"wp:term":[{"taxonomy":"category","embeddable":true,"href":"https:\/\/pertinente.com.br\/site\/wp-json\/wp\/v2\/categories?post=808"},{"taxonomy":"post_tag","embeddable":true,"href":"https:\/\/pertinente.com.br\/site\/wp-json\/wp\/v2\/tags?post=808"}],"curies":[{"name":"wp","href":"https:\/\/api.w.org\/{rel}","templated":true}]}}