{"id":815,"date":"2018-01-11T11:49:02","date_gmt":"2018-01-11T14:49:02","guid":{"rendered":"http:\/\/pertinente.com.br\/site\/?p=815"},"modified":"2018-01-11T11:55:16","modified_gmt":"2018-01-11T14:55:16","slug":"brasileiro-expulso-da-venezuela-diz-que-planejou-ser-preso-por-causa-social","status":"publish","type":"post","link":"https:\/\/pertinente.com.br\/site\/2018\/01\/11\/brasileiro-expulso-da-venezuela-diz-que-planejou-ser-preso-por-causa-social\/","title":{"rendered":"Brasileiro expulso da Venezuela diz que planejou ser preso &#8220;por causa social&#8221;"},"content":{"rendered":"<p><a href=\"http:\/\/pertinente.com.br\/site\/wp-content\/uploads\/2018\/01\/xjonatan-diniz.jpg.pagespeed.ic_.QINIPCBmtI.jpg\"><img loading=\"lazy\" decoding=\"async\" class=\"alignnone wp-image-816\" src=\"http:\/\/pertinente.com.br\/site\/wp-content\/uploads\/2018\/01\/xjonatan-diniz.jpg.pagespeed.ic_.QINIPCBmtI.jpg\" alt=\"\" width=\"626\" height=\"376\" srcset=\"https:\/\/pertinente.com.br\/site\/wp-content\/uploads\/2018\/01\/xjonatan-diniz.jpg.pagespeed.ic_.QINIPCBmtI.jpg 699w, https:\/\/pertinente.com.br\/site\/wp-content\/uploads\/2018\/01\/xjonatan-diniz.jpg.pagespeed.ic_.QINIPCBmtI-300x180.jpg 300w\" sizes=\"(max-width: 626px) 100vw, 626px\" \/><\/a><\/p>\n<p>Expulso da Venezuela ap\u00f3s dez dias detido, o brasileiro Jonatan Mois\u00e9s Diniz, de 31 anos, admitiu que <em>&#8220;queria ir para a cadeia&#8221;<\/em> <strong>para gerar repercuss\u00e3o<\/strong> e, com isso, alertar sobre a fome das crian\u00e7as no pa\u00eds. Em v\u00eddeo gravado na Calif\u00f3rnia, nos Estados Unidos, ele criticou o foco da imprensa a supostos maus-tratos contra ele na pris\u00e3o e disse que <strong>incitou<\/strong> sua deten\u00e7\u00e3o pelos militares venezuelanos. Na vis\u00e3o de Jonatan, que diz ter provas da sua inten\u00e7\u00e3o, &#8220;os fins justificam os meios&#8221;.<\/p>\n<div id=\"fb-root\"><\/div>\n<p><script>(function(d, s, id) {  var js, fjs = d.getElementsByTagName(s)[0];  if (d.getElementById(id)) return;  js = d.createElement(s); js.id = id;  js.src = 'https:\/\/connect.facebook.net\/en_US\/sdk.js#xfbml=1&version=v2.11';  fjs.parentNode.insertBefore(js, fjs);}(document, 'script', 'facebook-jssdk'));<\/script><\/p>\n<div class=\"fb-video\" data-href=\"https:\/\/www.facebook.com\/jonatanmdiniz\/videos\/10155993083147731\/\" data-width=\"640\">\n<blockquote cite=\"https:\/\/www.facebook.com\/jonatanmdiniz\/videos\/10155993083147731\/\" class=\"fb-xfbml-parse-ignore\"><p><a href=\"https:\/\/www.facebook.com\/jonatanmdiniz\/videos\/10155993083147731\/\"><\/a><\/p>\n<p>A cr\u00edtica \u00e9 livre, o elogio n\u00e3o \u00e9 necess\u00e1rio e o indiferente \u00e9 o que v\u00ea a merda acontecer e merece a realidade que tem&#8230; Pra cima Brasil, USA, Venezuela, Bol\u00edvia, toda a Am\u00e9rica, vamos mostrar para o mundo que a vibra\u00e7\u00e3o do bem \u00e9 infinitamente maior que &quot;bad news is good news&quot;.., e vamos mudar nossa realidade com nossas atitudes, partindo de n\u00f3s mesmos! Obrigado a todos que de alguma forma participaram, participam e v\u00e3o participar dessa aventura para mudar o mundo! Tmj!!! \ud83d\udca5<\/p>\n<p>Posted by <a href=\"https:\/\/www.facebook.com\/jonatanmdiniz\">Jonatan Diniz<\/a> on Wednesday, January 10, 2018<\/p><\/blockquote>\n<\/div>\n<p><em>&#8216;N\u00e3o sofri maus-tratos&#8217;, diz brasileiro ap\u00f3s ser solto na Venezuela.<\/em><\/p>\n<p>Brasileiro detido na Venezuela \u00e9 libertado.<\/p>\n<p>&#8220;Se eu fui para l\u00e1 e fui, \u00e9 porque <strong>incitei ser preso<\/strong>. Eu planejei ir para a Venezuela, chamar aten\u00e7\u00e3o e ser preso. Admito. Com o dinheiro que eu tenho, n\u00e3o daria para salvar nem cem crian\u00e7as. Num ato sem medo, fui, falei (&#8230;) enfrentei de cara pessoas poderosas, ligadas ao presidente, \u00e0s For\u00e7as Armadas. Fui para a cadeia justamente porque <strong>eu queria ir para a cadeia para acontecer a repercuss\u00e3o<\/strong>, para mostrar que tem crian\u00e7a morrendo de fome. Indo para a cadeia, aconteceu exatamente o meu plano&#8221;, reconheceu o brasileiro.<\/p>\n<p>No v\u00eddeo, publicado em sua conta pessoal do Facebook, Jonatan n\u00e3o detalha o que fez para incitar sua deten\u00e7\u00e3o. Em dezembro, o dirigente chavista Diosdado Cabello \u2014 figura forte do chavismo \u2014 anunciou que as autoridades o haviam prendido e acusou o brasileiro de liderar a &#8220;organiza\u00e7\u00e3o criminosa&#8221; Time to Change, que seria fachada para a\u00e7\u00f5es contra o governo de Nicolas Maduro. O n\u00famero 2 do chavismo chegou a sugerir que a ag\u00eancia secreta dos EUA, a CIA, estaria por tr\u00e1s da atua\u00e7\u00e3o dele no pa\u00eds latinoamericano.<\/p>\n<p>O objetivo, segundo Jonatan, era divulgar o drama das crian\u00e7as e financiar a ajuda. Quanto mais repercuss\u00e3o, mais dinheiro a ONG da qual participa conseguiria arrecadar e, assim, compraria mais comida para os pequenos famintos.<\/p>\n<p>Em apelo aos seguidores para espalhar a &#8220;vibra\u00e7\u00e3o do bem&#8221;, o brasileiro refor\u00e7ou que n\u00e3o sofreu maus tratos na cadeia e destacou que se arriscaria de novo em nome da causa.<\/p>\n<p>&#8220;Foram onze dias de apreens\u00e3o, de ora\u00e7\u00f5es. S\u00f3 que a minha vida n\u00e3o \u00e9 nada. Se eu puder, com tudo isso que eu fiz, salvar uma crian\u00e7a, j\u00e1 valeu tudo a pena. Se eu tiver que arriscar minha vida mais cem vezes, vou arriscar (&#8230;) Se algum governo, se alguma pol\u00edcia quiser me prender por isso, pode me prender. Estou aqui \u00e0 disposi\u00e7\u00e3o. Se \u00e9 para fazer o bem, eu topo arriscar a minha vida&#8221;, frisou.<\/p>\n<p>Fonte: <a href=\"https:\/\/oglobo.globo.com\/mundo\/brasileiro-expulso-da-venezuela-diz-que-planejou-prisao-por-causa-social-22276880\">O Globo<\/a><\/p>\n<p><a href=\"http:\/\/g1.globo.com\/distrito-federal\/noticia\/2016\/04\/lei-proibe-participacao-de-estrangeiros-em-protestos-politicos-no-brasil.html\"><strong>E no Brasil, como a Lei trata o assunto Manifesta\u00e7\u00e3o Pol\u00edtica por estrangeiros?<\/strong><\/a><\/p>\n","protected":false},"excerpt":{"rendered":"<p>Expulso da Venezuela ap\u00f3s dez dias detido, o brasileiro Jonatan Mois\u00e9s Diniz, de 31 anos, admitiu que &#8220;queria ir para a cadeia&#8221; para gerar repercuss\u00e3o e, com isso, alertar sobre a fome das crian\u00e7as no pa\u00eds. Em v\u00eddeo gravado na Calif\u00f3rnia, nos&hellip;<\/p>\n","protected":false},"author":1,"featured_media":816,"comment_status":"open","ping_status":"open","sticky":false,"template":"","format":"standard","meta":{"footnotes":""},"categories":[4],"tags":[273,272,71,275,274],"_links":{"self":[{"href":"https:\/\/pertinente.com.br\/site\/wp-json\/wp\/v2\/posts\/815"}],"collection":[{"href":"https:\/\/pertinente.com.br\/site\/wp-json\/wp\/v2\/posts"}],"about":[{"href":"https:\/\/pertinente.com.br\/site\/wp-json\/wp\/v2\/types\/post"}],"author":[{"embeddable":true,"href":"https:\/\/pertinente.com.br\/site\/wp-json\/wp\/v2\/users\/1"}],"replies":[{"embeddable":true,"href":"https:\/\/pertinente.com.br\/site\/wp-json\/wp\/v2\/comments?post=815"}],"version-history":[{"count":2,"href":"https:\/\/pertinente.com.br\/site\/wp-json\/wp\/v2\/posts\/815\/revisions"}],"predecessor-version":[{"id":818,"href":"https:\/\/pertinente.com.br\/site\/wp-json\/wp\/v2\/posts\/815\/revisions\/818"}],"wp:featuredmedia":[{"embeddable":true,"href":"https:\/\/pertinente.com.br\/site\/wp-json\/wp\/v2\/media\/816"}],"wp:attachment":[{"href":"https:\/\/pertinente.com.br\/site\/wp-json\/wp\/v2\/media?parent=815"}],"wp:term":[{"taxonomy":"category","embeddable":true,"href":"https:\/\/pertinente.com.br\/site\/wp-json\/wp\/v2\/categories?post=815"},{"taxonomy":"post_tag","embeddable":true,"href":"https:\/\/pertinente.com.br\/site\/wp-json\/wp\/v2\/tags?post=815"}],"curies":[{"name":"wp","href":"https:\/\/api.w.org\/{rel}","templated":true}]}}