{"id":826,"date":"2018-01-23T14:09:54","date_gmt":"2018-01-23T17:09:54","guid":{"rendered":"http:\/\/pertinente.com.br\/site\/?p=826"},"modified":"2018-01-23T14:09:54","modified_gmt":"2018-01-23T17:09:54","slug":"atos-sao-realizados-em-porto-alegre-na-vespera-do-julgamento-do-recurso-de-lula","status":"publish","type":"post","link":"https:\/\/pertinente.com.br\/site\/2018\/01\/23\/atos-sao-realizados-em-porto-alegre-na-vespera-do-julgamento-do-recurso-de-lula\/","title":{"rendered":"Atos s\u00e3o realizados em Porto Alegre na v\u00e9spera do julgamento do recurso de Lula"},"content":{"rendered":"<div class=\"mc-column content-text active-extra-styles active-capital-letter\" data-block-type=\"unstyled\" data-block-weight=\"43\" data-block-id=\"2\">\n<p data-track-category=\"Link no Texto\" data-track-links=\"\"><a href=\"http:\/\/pertinente.com.br\/site\/wp-content\/uploads\/2018\/01\/b_600_0_16777215_00_images_stories_imagens_2018_1_janeiro_candidato_lula.jpeg\"><img loading=\"lazy\" decoding=\"async\" class=\"size-full wp-image-827 aligncenter\" src=\"http:\/\/pertinente.com.br\/site\/wp-content\/uploads\/2018\/01\/b_600_0_16777215_00_images_stories_imagens_2018_1_janeiro_candidato_lula.jpeg\" alt=\"\" width=\"600\" height=\"397\" srcset=\"https:\/\/pertinente.com.br\/site\/wp-content\/uploads\/2018\/01\/b_600_0_16777215_00_images_stories_imagens_2018_1_janeiro_candidato_lula.jpeg 600w, https:\/\/pertinente.com.br\/site\/wp-content\/uploads\/2018\/01\/b_600_0_16777215_00_images_stories_imagens_2018_1_janeiro_candidato_lula-300x199.jpeg 300w\" sizes=\"(max-width: 600px) 100vw, 600px\" \/><\/a><\/p>\n<p class=\"content-text__container theme-color-primary-first-letter\" data-track-category=\"Link no Texto\" data-track-links=\"\">a v\u00e9spera do <a href=\"https:\/\/g1.globo.com\/rs\/rio-grande-do-sul\/noticia\/saiba-como-sera-o-julgamento-de-lula-no-trf-4-em-porto-alegre.ghtml\">julgamento do recurso do ex-presidente Luiz In\u00e1cio Lula da Silva (PT)<\/a> no Tribunal Regional Federal da 4\u00aa Regi\u00e3o (TRF-4), em Porto Alegre, atos s\u00e3o realizados na \u00e1rea central da cidade. Os manifestantes se re\u00fanem desde a manh\u00e3 desta ter\u00e7a-feira (23).<\/p>\n<\/div>\n<div class=\"mc-column content-text active-extra-styles \" data-block-type=\"unstyled\" data-block-weight=\"66\" data-block-id=\"3\">\n<p class=\"content-text__container \" data-track-category=\"Link no Texto\" data-track-links=\"\">Em frente \u00e0 Assembleia Legislativa, na Pra\u00e7a da Matriz, pol\u00edticos compareceram, como a presidente do PT, senadora Gleisi Hoffmann, a pr\u00e9-candidata \u00e0 Presid\u00eancia da Rep\u00fablica pelo PC do B, Manuela d&#8217;\u00c1vila, a deputada federal Maria do Ros\u00e1rio e a ex-presidente Dilma Rousseff, entre outros. A organiza\u00e7\u00e3o do ato em apoio a Lula diz que participaram mais de 5 mil pessoas. A Brigada Militar n\u00e3o divulgou n\u00fameros.<\/p>\n<\/div>\n<div class=\"mc-column content-text active-extra-styles \" data-block-type=\"unstyled\" data-block-weight=\"79\" data-block-id=\"4\">\n<p class=\"content-text__container \" data-track-category=\"Link no Texto\" data-track-links=\"\">Um evento estava programado para ser realizado no Teatro Dante Barone, na Assembleia Legislativa, mas teve de ser transferido para a rua por falta de luz. De acordo com a Companhia Estadual de Energia El\u00e9trica (CEEE), por volta das 9h30 ocorreu um desarme em um alimentador subterr\u00e2neo, que \u00e9 uma rede de m\u00e9dia tens\u00e3o que abastece a regi\u00e3o do Centro, onde fica o pr\u00e9dio p\u00fablico. A CEEE informou que logo as equipes foram acionadas e a luz foi restabelecida.<\/p>\n<\/div>\n<div class=\"mc-column content-text active-extra-styles \" data-block-type=\"unstyled\" data-block-weight=\"49\" data-block-id=\"5\">\n<p class=\"content-text__container \" data-track-category=\"Link no Texto\" data-track-links=\"\">J\u00e1 foi montado no Anfiteatro P\u00f4r do Sol, tamb\u00e9m na regi\u00e3o Central de Porto Alegre, \u00e0s margens do Gua\u00edba, um <a href=\"https:\/\/g1.globo.com\/rs\/rio-grande-do-sul\/noticia\/manifestantes-acampam-em-porto-alegre-antes-do-julgamento-do-recurso-de-lula-no-trf-4.ghtml\">acampamento de apoiadores de Lula<\/a>. De acordo com a Frente Brasil Popular, 100 \u00f4nibus chegaram durante a manh\u00e3 \u00e0 capital. A expectativa \u00e9 de 400 \u00f4nibus, conforme os organizadores.<\/p>\n<\/div>\n<div class=\"mc-column content-text active-extra-styles \" data-block-type=\"unstyled\" data-block-weight=\"16\" data-block-id=\"6\">\n<p class=\"content-text__container \" data-track-category=\"Link no Texto\" data-track-links=\"\">Al\u00e9m do acampamento, os participantes est\u00e3o em alojamentos coletivos em Porto Alegre e na Regi\u00e3o Metropolitana.<\/p>\n<\/div>\n<div class=\"mc-column content-text active-extra-styles \" data-block-type=\"unstyled\" data-block-weight=\"26\" data-block-id=\"7\">\n<p class=\"content-text__container \" data-track-category=\"Link no Texto\" data-track-links=\"\">Segundo a senadora Gleisi Hoffmann, <a href=\"https:\/\/g1.globo.com\/rs\/rio-grande-do-sul\/noticia\/saiba-como-sera-o-julgamento-de-lula-no-trf-4-em-porto-alegre.ghtml\">o ex-presidente Lula vir\u00e1 a Porto Alegre \u00e0 tarde<\/a>, para participar do ato com apoiadores na Esquina Democr\u00e1tica, tamb\u00e9m no Centro.<\/p>\n<div class=\"mc-column content-text active-extra-styles\" data-block-type=\"raw\" data-block-weight=\"3\" data-block-id=\"9\"><\/div>\n<div class=\"mc-column content-text active-extra-styles \" data-block-type=\"unstyled\" data-block-weight=\"17\" data-block-id=\"10\"><\/div>\n<\/div>\n<p>Fonte: <a href=\"https:\/\/g1.globo.com\/rs\/rio-grande-do-sul\/noticia\/atos-sao-realizados-em-porto-alegre-na-vespera-do-julgamento-do-recurso-de-lula.ghtml\">G1<\/a><\/p>\n","protected":false},"excerpt":{"rendered":"<p>a v\u00e9spera do julgamento do recurso do ex-presidente Luiz In\u00e1cio Lula da Silva (PT) no Tribunal Regional Federal da 4\u00aa Regi\u00e3o (TRF-4), em Porto Alegre, atos s\u00e3o realizados na \u00e1rea central da cidade. Os manifestantes se re\u00fanem desde a manh\u00e3 desta ter\u00e7a-feira&hellip;<\/p>\n","protected":false},"author":1,"featured_media":827,"comment_status":"open","ping_status":"open","sticky":false,"template":"","format":"standard","meta":{"footnotes":""},"categories":[4],"tags":[281,20,283,282],"_links":{"self":[{"href":"https:\/\/pertinente.com.br\/site\/wp-json\/wp\/v2\/posts\/826"}],"collection":[{"href":"https:\/\/pertinente.com.br\/site\/wp-json\/wp\/v2\/posts"}],"about":[{"href":"https:\/\/pertinente.com.br\/site\/wp-json\/wp\/v2\/types\/post"}],"author":[{"embeddable":true,"href":"https:\/\/pertinente.com.br\/site\/wp-json\/wp\/v2\/users\/1"}],"replies":[{"embeddable":true,"href":"https:\/\/pertinente.com.br\/site\/wp-json\/wp\/v2\/comments?post=826"}],"version-history":[{"count":1,"href":"https:\/\/pertinente.com.br\/site\/wp-json\/wp\/v2\/posts\/826\/revisions"}],"predecessor-version":[{"id":828,"href":"https:\/\/pertinente.com.br\/site\/wp-json\/wp\/v2\/posts\/826\/revisions\/828"}],"wp:featuredmedia":[{"embeddable":true,"href":"https:\/\/pertinente.com.br\/site\/wp-json\/wp\/v2\/media\/827"}],"wp:attachment":[{"href":"https:\/\/pertinente.com.br\/site\/wp-json\/wp\/v2\/media?parent=826"}],"wp:term":[{"taxonomy":"category","embeddable":true,"href":"https:\/\/pertinente.com.br\/site\/wp-json\/wp\/v2\/categories?post=826"},{"taxonomy":"post_tag","embeddable":true,"href":"https:\/\/pertinente.com.br\/site\/wp-json\/wp\/v2\/tags?post=826"}],"curies":[{"name":"wp","href":"https:\/\/api.w.org\/{rel}","templated":true}]}}