{"id":831,"date":"2018-02-11T11:13:21","date_gmt":"2018-02-11T14:13:21","guid":{"rendered":"http:\/\/pertinente.com.br\/site\/?p=831"},"modified":"2018-02-11T11:46:47","modified_gmt":"2018-02-11T14:46:47","slug":"pertinentes-do-dia-unico-motorista-latino-com-nota-maxima-na-uber-e-de-uberlandia","status":"publish","type":"post","link":"https:\/\/pertinente.com.br\/site\/2018\/02\/11\/pertinentes-do-dia-unico-motorista-latino-com-nota-maxima-na-uber-e-de-uberlandia\/","title":{"rendered":"Pertinentes do dia: \u00danico motorista latino com nota m\u00e1xima na Uber \u00e9 de&#8230; UBERl\u00e2ndia"},"content":{"rendered":"<h5><a href=\"https:\/\/extra.globo.com\/noticias\/economia\/cinco-estrelas-unico-motorista-latino-com-nota-maxima-na-uber-de-uberlandia-22389101.html\">Cinco estrelas: \u00fanico motorista latino com nota m\u00e1xima na Uber \u00e9 de&#8230; UBERl\u00e2ndia<\/a><\/h5>\n<p><img loading=\"lazy\" decoding=\"async\" class=\"alignleft\" src=\"https:\/\/extra.globo.com\/incoming\/22389100-dcc-e60\/w640h360-PROP\/xwhatsapp-image-2018-02-07-at-17-29-32-jpeg.jpg.pagespeed.ic.x_T3goAxrk.jpg\" alt=\"Erick Teixeira, de 41 anos, tem quase 2.700 corridas e mant\u00eam as cinco estrelas de avalia\u00e7\u00e3o\" width=\"206\" height=\"116\" \/>Ao lado de tr\u00eas americanos, o mineiro Erick Teixeira, de 41 anos, faz parte do seleto time de motoristas da Uber que tem a avalia\u00e7\u00e3o m\u00e1xima, de cinco estrelas. E o motorista trabalha, acredite, em Uberl\u00e2ndia, cidade com nome sugestivo que gera piadas entre os usu\u00e1rios do aplicativo no munic\u00edpio mineiro.<\/p>\n<p>Colaborador do aplicativo de transporte desde o in\u00edcio de 2017, com quase 2.700 corridas, o motorista se orgulha de ser o \u00fanico na Am\u00e9rica Latina a ter a melhor avalia\u00e7\u00e3o. Um pouco t\u00edmido, mas extrovertido na medida certa, ele conta como faz para manter o padr\u00e3o de qualidade de atendimento, que lhe rendeu uma homenagem do aplicativo, no ano passado, em S\u00e3o Paulo.<\/p>\n<p>Leia mais: <a href=\"https:\/\/extra.globo.com\/noticias\/economia\/cinco-estrelas-unico-motorista-latino-com-nota-maxima-na-uber-de-uberlandia-22389101.html\">(Fonte: Extra)<\/a><\/p>\n<h5><a href=\"https:\/\/brasil.elpais.com\/brasil\/2018\/02\/10\/politica\/1518290159_861637.html\">Diretor da PF gera um novo constrangimento para o Governo no Supremo<\/a><\/h5>\n<div id=\"articulo-titulares\" class=\"articulo-titulares\">\n<div class=\"articulo-subtitulos\">\n<p><img loading=\"lazy\" decoding=\"async\" class=\"alignleft\" src=\"https:\/\/ep01.epimg.net\/brasil\/imagenes\/2018\/02\/10\/politica\/1518290159_861637_1518293770_noticia_normal.jpg\" alt=\"Ministro Roberto Barroso na sess\u00e3o plen\u00e1ria de 1\u00ba de fevereiro de 2018.\" width=\"162\" height=\"98\" \/><\/p>\n<p class=\"articulo-subtitulo\">Ministro intima Fernando Segovia a explicar coment\u00e1rio sobre fragilidade de investiga\u00e7\u00e3o sobre Temer.\u00a0Diretor da Pol\u00edcia Federal disse \u00e0 ag\u00eancia Reuters que inqu\u00e9rito &#8220;pode at\u00e9 concluir que n\u00e3o houve crime\u201d. (Fonte: El Pa\u00eds)<\/p>\n<\/div>\n<\/div>\n<p>&nbsp;<\/p>\n<p>&nbsp;<\/p>\n<h5><a href=\"http:\/\/politica.estadao.com.br\/noticias\/geral,com-auxilios-juizes-deixam-de-pagar-r-360-mi-de-ir,70002185658\">Com aux\u00edlios, ju\u00edzes deixam de pagar R$ 360 milh\u00f5es de Imposto de Renda<\/a><\/h5>\n<p class=\"n--noticia__subtitle\"><img loading=\"lazy\" decoding=\"async\" class=\"alignleft\" src=\"https:\/\/www.brasil247.com\/images\/cache\/1000x357\/crop\/images%7Ccms-image-000579287.jpg\" alt=\"ABR\" width=\"168\" height=\"60\" \/>Valor representa ren\u00fancia fiscal anual; se \u2018penduricalhos\u2019 fossem tributados como os sal\u00e1rios, cada magistrado teria de repassar, em m\u00e9dia, 19% a mais para a Receita. (Fonte: El Pa\u00eds)<\/p>\n<p>&nbsp;<\/p>\n<h5><a href=\"https:\/\/g1.globo.com\/sp\/sao-paulo\/carnaval\/2018\/noticia\/zeca-pagodinho-se-irrita-ao-tirar-foto-com-doria-no-anhembi.ghtml\">Zeca Pagodinho se irrita ao tirar foto com Doria no Anhembi<\/a><\/h5>\n<p><img loading=\"lazy\" decoding=\"async\" class=\"alignleft\" src=\"https:\/\/s2.glbimg.com\/FnZeRVHDQldvRZlVrY842oUNHTg=\/0x0:1700x1065\/984x0\/smart\/filters:strip_icc()\/i.s3.glbimg.com\/v1\/AUTH_59edd422c0c84a879bd37670ae4f538a\/internal_photos\/bs\/2018\/H\/p\/Xpy50ASkucUfAzVeideg\/doriazeca2.jpg\" alt=\"Jo\u00e3o Doria posa com o cantor Zeca Pagodinho e o ex-jogador Amaral (Foto: Eduardo Martins \/ AGNEWS)\" width=\"172\" height=\"108\" \/>Cobi\u00e7ado nos camarotes da Prefeitura e do Bar Brahma, no Samb\u00f3dromo do Anhembi, o prefeito Jo\u00e3o Doria (PSDB) n\u00e3o teve o mesmo prest\u00edgio com o cantor Zeca Pagodinho. (Fonte: G1)<\/p>\n<p>&nbsp;<\/p>\n<p>&nbsp;<\/p>\n<p>&nbsp;<\/p>\n<h5><a href=\"https:\/\/brasil.elpais.com\/brasil\/2018\/02\/08\/politica\/1518109016_417940.html\">Dicas para n\u00e3o terminar a folia do Carnaval endividado<\/a><\/h5>\n<p class=\"articulo-subtitulo\"><img loading=\"lazy\" decoding=\"async\" class=\"alignleft\" src=\"https:\/\/ep01.epimg.net\/brasil\/imagenes\/2018\/02\/08\/politica\/1518109016_417940_1518198791_sumario_normal.jpg\" alt=\"Cariocas buscam fantasias para o Carnaval.\" width=\"179\" height=\"119\" \/>Saber quanto voc\u00ea pretende gastar \u00e9 essencial para evitar a ressaca financeira da quarta-feira de cinzas. (Fonte: El Pa\u00eds)<\/p>\n<p>&nbsp;<\/p>\n<p>&nbsp;<\/p>\n<p>&nbsp;<\/p>\n<p>&nbsp;<\/p>\n<h5><a href=\"https:\/\/www.em.com.br\/app\/noticia\/internacional\/2018\/02\/11\/interna_internacional,937206\/explosao-durante-desfile-de-carnaval-na-bolivia-deixa-seis-mortos-e-28.shtml\">Explos\u00e3o durante festa de carnaval na Bol\u00edvia mata 4 crian\u00e7as e dois adultos<\/a><\/h5>\n<p><img loading=\"lazy\" decoding=\"async\" class=\"alignleft\" src=\"https:\/\/img.estadao.com.br\/resources\/jpg\/9\/8\/1518320421589.jpg\" alt=\"Resultado de imagem para explosao bolivia\" width=\"183\" height=\"123\" \/>Seis pessoas morreram e 28 ficaram feridas neste s\u00e1bado na Bol\u00edvia ap\u00f3s a explos\u00e3o de um botij\u00e3o de g\u00e1s de uma vendedora de comida de rua, perto da rota de um dos desfiles de carnaval mais populares do pa\u00eds. (Fonte: Estado de Minas)<\/p>\n<p>&nbsp;<\/p>\n<p>&nbsp;<\/p>\n<p>&nbsp;<\/p>\n<h5><a href=\"https:\/\/www.administradores.com.br\/noticias\/cotidiano\/taxa-selic-fica-abaixo-de-7-ao-ano-pela-primeira-vez-na-historia\/123460\/\">Taxa Selic fica abaixo de 7% ao ano pela primeira vez na hist\u00f3ria<\/a><\/h5>\n<p class=\"summary\"><img loading=\"lazy\" decoding=\"async\" class=\"alignleft\" src=\"https:\/\/www.administradores.com.br\/_assets\/modules\/noticias\/noticia_123460.jpg?\" width=\"190\" height=\"135\" \/>Com a redu\u00e7\u00e3o de hoje, a Selic continua no menor n\u00edvel desde o in\u00edcio da s\u00e9rie hist\u00f3rica do Banco Central, em 1986. (Fonte: Administradores)<\/p>\n<h5><a href=\"http:\/\/www.segs.com.br\/seguros\/102798-queda-da-taxa-selic-prejudica-ainda-mais-a-poupanca.html\">Queda da taxa Selic prejudica ainda mais a poupan\u00e7a<\/a><\/h5>\n<p>Corte dos juros b\u00e1sicos afeta diretamente o rendimento da caderneta. (Fonte: Seguros)<\/p>\n<p>&nbsp;<\/p>\n","protected":false},"excerpt":{"rendered":"<p>Cinco estrelas: \u00fanico motorista latino com nota m\u00e1xima na Uber \u00e9 de&#8230; UBERl\u00e2ndia Ao lado de tr\u00eas americanos, o mineiro Erick Teixeira, de 41 anos, faz parte do seleto time de motoristas da Uber que tem a avalia\u00e7\u00e3o m\u00e1xima, de cinco estrelas.&hellip;<\/p>\n","protected":false},"author":1,"featured_media":832,"comment_status":"open","ping_status":"open","sticky":false,"template":"","format":"standard","meta":{"footnotes":""},"categories":[4],"tags":[284,45,285],"_links":{"self":[{"href":"https:\/\/pertinente.com.br\/site\/wp-json\/wp\/v2\/posts\/831"}],"collection":[{"href":"https:\/\/pertinente.com.br\/site\/wp-json\/wp\/v2\/posts"}],"about":[{"href":"https:\/\/pertinente.com.br\/site\/wp-json\/wp\/v2\/types\/post"}],"author":[{"embeddable":true,"href":"https:\/\/pertinente.com.br\/site\/wp-json\/wp\/v2\/users\/1"}],"replies":[{"embeddable":true,"href":"https:\/\/pertinente.com.br\/site\/wp-json\/wp\/v2\/comments?post=831"}],"version-history":[{"count":10,"href":"https:\/\/pertinente.com.br\/site\/wp-json\/wp\/v2\/posts\/831\/revisions"}],"predecessor-version":[{"id":842,"href":"https:\/\/pertinente.com.br\/site\/wp-json\/wp\/v2\/posts\/831\/revisions\/842"}],"wp:featuredmedia":[{"embeddable":true,"href":"https:\/\/pertinente.com.br\/site\/wp-json\/wp\/v2\/media\/832"}],"wp:attachment":[{"href":"https:\/\/pertinente.com.br\/site\/wp-json\/wp\/v2\/media?parent=831"}],"wp:term":[{"taxonomy":"category","embeddable":true,"href":"https:\/\/pertinente.com.br\/site\/wp-json\/wp\/v2\/categories?post=831"},{"taxonomy":"post_tag","embeddable":true,"href":"https:\/\/pertinente.com.br\/site\/wp-json\/wp\/v2\/tags?post=831"}],"curies":[{"name":"wp","href":"https:\/\/api.w.org\/{rel}","templated":true}]}}