{"id":871,"date":"2018-05-10T15:05:52","date_gmt":"2018-05-10T18:05:52","guid":{"rendered":"http:\/\/pertinente.com.br\/site\/?p=871"},"modified":"2018-05-10T15:05:52","modified_gmt":"2018-05-10T18:05:52","slug":"assassinato-de-marielle-testemunha-diz-que-morte-foi-planejada-por-vereador-e-chefe-de-milicia","status":"publish","type":"post","link":"https:\/\/pertinente.com.br\/site\/2018\/05\/10\/assassinato-de-marielle-testemunha-diz-que-morte-foi-planejada-por-vereador-e-chefe-de-milicia\/","title":{"rendered":"Assassinato de Marielle: testemunha diz que morte foi planejada por vereador e chefe de mil\u00edcia"},"content":{"rendered":"<figure id=\"attachment_872\" aria-describedby=\"caption-attachment-872\" style=\"width: 466px\" class=\"wp-caption aligncenter\"><a href=\"http:\/\/pertinente.com.br\/site\/wp-content\/uploads\/2018\/05\/59141f53a578e1287da33184d7ac775d-783x450.jpg\"><img loading=\"lazy\" decoding=\"async\" class=\" wp-image-872\" src=\"http:\/\/pertinente.com.br\/site\/wp-content\/uploads\/2018\/05\/59141f53a578e1287da33184d7ac775d-783x450.jpg\" alt=\"\" width=\"466\" height=\"268\" srcset=\"https:\/\/pertinente.com.br\/site\/wp-content\/uploads\/2018\/05\/59141f53a578e1287da33184d7ac775d-783x450.jpg 783w, https:\/\/pertinente.com.br\/site\/wp-content\/uploads\/2018\/05\/59141f53a578e1287da33184d7ac775d-783x450-300x172.jpg 300w, https:\/\/pertinente.com.br\/site\/wp-content\/uploads\/2018\/05\/59141f53a578e1287da33184d7ac775d-783x450-768x441.jpg 768w\" sizes=\"(max-width: 466px) 100vw, 466px\" \/><\/a><figcaption id=\"caption-attachment-872\" class=\"wp-caption-text\">Fonte: Brasil\/ciberia.com.br<\/figcaption><\/figure>\n<h5>Segundo O Globo, que teve acesso ao depoimento da testemunha, cujo nome foi mantido sob sigilo, o\u00a0<strong>vereador Marcello Siciliano\u00a0<\/strong>e o\u00a0<strong>ex-policial militar Orlando Oliveira<\/strong>\u00a0de Ara\u00fajo planejaram o assassinato de\u00a0<strong>Marielle Franco<\/strong>\u00a0para conter o avan\u00e7o de a\u00e7\u00f5es comunit\u00e1rias que a vereadora desenvolvia em \u00e1reas de interesse da mil\u00edcia na Zona Oeste da cidade do Rio de Janeiro.<\/h5>\n<div class=\"td-post-content\">\n<p>O vereador Marcello Siciliano disse ao jornal\u00a0<a class=\"ext-link\" href=\"https:\/\/g1.globo.com\/rj\/rio-de-janeiro\/noticia\/caso-marielle-testemunha-envolve-vereador-e-miliciano-em-assassinato-informa-o-globo.ghtml\" target=\"_self\" rel=\"nofollow external noopener noreferrer\" data-wpel-link=\"external\">O Globo<\/a>\u00a0que o relato da testemunha citada era uma\u00a0<strong>mentira e que ele n\u00e3o conhecia o ex-policial Orlando Oliveira de Ara\u00fajo<\/strong>, j\u00e1 condenado e preso por chefiar uma mil\u00edcia.<\/p>\n<p>A testemunha teria dito \u00e0s autoridades que\u00a0<strong>foi for\u00e7ada a trabalhar para Orlando<\/strong>\u00a0e deu detalhes de como a execu\u00e7\u00e3o foi planejada e das reuni\u00f5es entre Orlando e Siciliano, que teriam come\u00e7ado em junho do ano passado.<\/p>\n<p>\u201cEu estava numa mesa, a uma dist\u00e2ncia de pouco mais de um metro dos dois. Eles estavam sentados numa mesa ao lado. O vereador falou alto: \u201cTem que ver a situa\u00e7\u00e3o da Marielle.\u00a0<strong>A mulher est\u00e1 me atrapalhando<\/strong>\u201d. Depois, bateu com a m\u00e3o na mesa e gritou:\u00a0<strong>\u201cMarielle, piranha do Freixo\u201d<\/strong>. Depois, disse ao ex-PM: \u201c\u2018<strong>Temos que resolver isso<\/strong>rapidamente\u2019\u201d, afirmou a testemunha.<\/p>\n<p>Marielle j\u00e1 trabalhou como assessora do deputado estadual\u00a0<strong>Marcelo Freixo<\/strong>.<\/p>\n<p>Marielle Franco, de 38 anos e natural da favela da Mar\u00e9, no Rio de Janeiro, foi\u00a0<a href=\"https:\/\/ciberia.com.br\/quem-matou-marielle-35077\" data-wpel-link=\"internal\">assassinada<\/a>no dia 14 de mar\u00e7o, com\u00a0<strong>quatro tiros na cabe\u00e7a<\/strong>, quando seguia em um ve\u00edculo, ap\u00f3s participar de um encontro de mulheres negras numa comunidade.<\/p>\n<p>A vereadora da C\u00e2mara Municipal do Rio de Janeiro era militante do Partido Socialismo e Liberdade (PSOL), de esquerda, e foi morta juntamente com o condutor do ve\u00edculo, Anderson Gomes.<\/p>\n<div id=\"sig_shortcode\"><\/div>\n<\/div>\n<footer>\n<div class=\"td-post-sharing td-post-sharing-bottom fixed\">\n<div class=\"td-default-sharing\"><\/div>\n<\/div>\n<\/footer>\n<p>Fonte: <a href=\"https:\/\/ciberia.com.br\/testemunha-morte-marielle-planejada-38364\">Cyberia<\/a><\/p>\n<blockquote class=\"wp-embedded-content\" data-secret=\"rzDBjbx8HO\"><p><a href=\"https:\/\/ciberia.com.br\/testemunha-morte-marielle-planejada-38364\">Assassinato de Marielle: testemunha diz que morte foi planejada por vereador e chefe de mil\u00edcia<\/a><\/p><\/blockquote>\n<p><iframe class=\"wp-embedded-content\" sandbox=\"allow-scripts\" security=\"restricted\" style=\"position: absolute; clip: rect(1px, 1px, 1px, 1px);\" src=\"https:\/\/ciberia.com.br\/testemunha-morte-marielle-planejada-38364\/embed#?secret=rzDBjbx8HO\" data-secret=\"rzDBjbx8HO\" width=\"600\" height=\"338\" title=\"&#8220;Assassinato de Marielle: testemunha diz que morte foi planejada por vereador e chefe de mil\u00edcia&#8221; &#8212; Ciberia\" frameborder=\"0\" marginwidth=\"0\" marginheight=\"0\" scrolling=\"no\"><\/iframe><\/p>\n","protected":false},"excerpt":{"rendered":"<p>Segundo O Globo, que teve acesso ao depoimento da testemunha, cujo nome foi mantido sob sigilo, o\u00a0vereador Marcello Siciliano\u00a0e o\u00a0ex-policial militar Orlando Oliveira\u00a0de Ara\u00fajo planejaram o assassinato de\u00a0Marielle Franco\u00a0para conter o avan\u00e7o de a\u00e7\u00f5es comunit\u00e1rias que a vereadora desenvolvia em \u00e1reas de&hellip;<\/p>\n","protected":false},"author":1,"featured_media":872,"comment_status":"open","ping_status":"open","sticky":false,"template":"","format":"standard","meta":{"footnotes":""},"categories":[4],"tags":[64,303,305,304],"_links":{"self":[{"href":"https:\/\/pertinente.com.br\/site\/wp-json\/wp\/v2\/posts\/871"}],"collection":[{"href":"https:\/\/pertinente.com.br\/site\/wp-json\/wp\/v2\/posts"}],"about":[{"href":"https:\/\/pertinente.com.br\/site\/wp-json\/wp\/v2\/types\/post"}],"author":[{"embeddable":true,"href":"https:\/\/pertinente.com.br\/site\/wp-json\/wp\/v2\/users\/1"}],"replies":[{"embeddable":true,"href":"https:\/\/pertinente.com.br\/site\/wp-json\/wp\/v2\/comments?post=871"}],"version-history":[{"count":1,"href":"https:\/\/pertinente.com.br\/site\/wp-json\/wp\/v2\/posts\/871\/revisions"}],"predecessor-version":[{"id":873,"href":"https:\/\/pertinente.com.br\/site\/wp-json\/wp\/v2\/posts\/871\/revisions\/873"}],"wp:featuredmedia":[{"embeddable":true,"href":"https:\/\/pertinente.com.br\/site\/wp-json\/wp\/v2\/media\/872"}],"wp:attachment":[{"href":"https:\/\/pertinente.com.br\/site\/wp-json\/wp\/v2\/media?parent=871"}],"wp:term":[{"taxonomy":"category","embeddable":true,"href":"https:\/\/pertinente.com.br\/site\/wp-json\/wp\/v2\/categories?post=871"},{"taxonomy":"post_tag","embeddable":true,"href":"https:\/\/pertinente.com.br\/site\/wp-json\/wp\/v2\/tags?post=871"}],"curies":[{"name":"wp","href":"https:\/\/api.w.org\/{rel}","templated":true}]}}