{"id":874,"date":"2018-05-11T11:16:04","date_gmt":"2018-05-11T14:16:04","guid":{"rendered":"http:\/\/pertinente.com.br\/site\/?p=874"},"modified":"2018-05-11T11:16:04","modified_gmt":"2018-05-11T14:16:04","slug":"placa-mercosul-deve-ser-adotada-ate-dezembro-2018","status":"publish","type":"post","link":"https:\/\/pertinente.com.br\/site\/2018\/05\/11\/placa-mercosul-deve-ser-adotada-ate-dezembro-2018\/","title":{"rendered":"Placa mercosul deve ser adotada at\u00e9 dezembro\/2018"},"content":{"rendered":"<h4><a href=\"http:\/\/pertinente.com.br\/site\/wp-content\/uploads\/2018\/05\/Placa-Mercosul.jpg\"><img loading=\"lazy\" decoding=\"async\" class=\"wp-image-875 aligncenter\" src=\"http:\/\/pertinente.com.br\/site\/wp-content\/uploads\/2018\/05\/Placa-Mercosul.jpg\" alt=\"\" width=\"459\" height=\"184\" srcset=\"https:\/\/pertinente.com.br\/site\/wp-content\/uploads\/2018\/05\/Placa-Mercosul.jpg 1024w, https:\/\/pertinente.com.br\/site\/wp-content\/uploads\/2018\/05\/Placa-Mercosul-300x120.jpg 300w, https:\/\/pertinente.com.br\/site\/wp-content\/uploads\/2018\/05\/Placa-Mercosul-768x308.jpg 768w\" sizes=\"(max-width: 459px) 100vw, 459px\" \/><\/a><a href=\"https:\/\/www1.folha.uol.com.br\/cotidiano\/2018\/05\/apos-suspensao-placa-do-mercosul-deve-ser-adotada-pelos-estados-ate-dezembro.shtml?utm_source=twitter&amp;utm_medium=social&amp;utm_campaign=twfolha\">Ap\u00f3s suspens\u00e3o, placa do Mercosul deve ser adotada pelos estados at\u00e9 dezembro<\/a><\/h4>\n<p>O prazo, que antes era 1\u00ba de setembro, vale para ve\u00edculos novos e casos de transfer\u00eancia de propriedade ou mudan\u00e7a de munic\u00edpio.\u00a0A decis\u00e3o deve ser publicada no Di\u00e1rio Oficial da Uni\u00e3o desta sexta-feira (11).\u00a0A troca de placas de ve\u00edculos j\u00e1 registrados, que deveria ser conclu\u00edda at\u00e9 2023, tamb\u00e9m foi alterada e n\u00e3o ser\u00e1 mais obrigat\u00f3ria. Segundo Rone Barbosa, conselheiro do Contran, ela dever\u00e1 ocorrer de forma gradual e espont\u00e2nea.<\/p>\n<p>Leia mais em: <a href=\"https:\/\/www1.folha.uol.com.br\/cotidiano\/2018\/05\/apos-suspensao-placa-do-mercosul-deve-ser-adotada-pelos-estados-ate-dezembro.shtml?utm_source=twitter\">Folha<\/a>.<\/p>\n<p>&nbsp;<\/p>\n","protected":false},"excerpt":{"rendered":"<p>Ap\u00f3s suspens\u00e3o, placa do Mercosul deve ser adotada pelos estados at\u00e9 dezembro O prazo, que antes era 1\u00ba de setembro, vale para ve\u00edculos novos e casos de transfer\u00eancia de propriedade ou mudan\u00e7a de munic\u00edpio.\u00a0A decis\u00e3o deve ser publicada no Di\u00e1rio Oficial da&hellip;<\/p>\n","protected":false},"author":1,"featured_media":875,"comment_status":"open","ping_status":"open","sticky":false,"template":"","format":"standard","meta":{"footnotes":""},"categories":[4],"tags":[308,307,306],"_links":{"self":[{"href":"https:\/\/pertinente.com.br\/site\/wp-json\/wp\/v2\/posts\/874"}],"collection":[{"href":"https:\/\/pertinente.com.br\/site\/wp-json\/wp\/v2\/posts"}],"about":[{"href":"https:\/\/pertinente.com.br\/site\/wp-json\/wp\/v2\/types\/post"}],"author":[{"embeddable":true,"href":"https:\/\/pertinente.com.br\/site\/wp-json\/wp\/v2\/users\/1"}],"replies":[{"embeddable":true,"href":"https:\/\/pertinente.com.br\/site\/wp-json\/wp\/v2\/comments?post=874"}],"version-history":[{"count":1,"href":"https:\/\/pertinente.com.br\/site\/wp-json\/wp\/v2\/posts\/874\/revisions"}],"predecessor-version":[{"id":876,"href":"https:\/\/pertinente.com.br\/site\/wp-json\/wp\/v2\/posts\/874\/revisions\/876"}],"wp:featuredmedia":[{"embeddable":true,"href":"https:\/\/pertinente.com.br\/site\/wp-json\/wp\/v2\/media\/875"}],"wp:attachment":[{"href":"https:\/\/pertinente.com.br\/site\/wp-json\/wp\/v2\/media?parent=874"}],"wp:term":[{"taxonomy":"category","embeddable":true,"href":"https:\/\/pertinente.com.br\/site\/wp-json\/wp\/v2\/categories?post=874"},{"taxonomy":"post_tag","embeddable":true,"href":"https:\/\/pertinente.com.br\/site\/wp-json\/wp\/v2\/tags?post=874"}],"curies":[{"name":"wp","href":"https:\/\/api.w.org\/{rel}","templated":true}]}}