{"id":894,"date":"2018-09-13T15:06:41","date_gmt":"2018-09-13T18:06:41","guid":{"rendered":"http:\/\/pertinente.com.br\/site\/?p=894"},"modified":"2018-09-13T16:04:06","modified_gmt":"2018-09-13T19:04:06","slug":"chefe-do-exercito-e-preso-por-causa-de-suas-manifestacoes-politicas","status":"publish","type":"post","link":"https:\/\/pertinente.com.br\/site\/2018\/09\/13\/chefe-do-exercito-e-preso-por-causa-de-suas-manifestacoes-politicas\/","title":{"rendered":"Chefe do Ex\u00e9rcito \u00e9 preso por causa de suas manifesta\u00e7\u00f5es pol\u00edticas"},"content":{"rendered":"<p><a href=\"http:\/\/pertinente.com.br\/site\/wp-content\/uploads\/2018\/09\/uruguai_general_guido_manini01.jpg\"><img loading=\"lazy\" decoding=\"async\" class=\"size-full wp-image-895 aligncenter\" src=\"http:\/\/pertinente.com.br\/site\/wp-content\/uploads\/2018\/09\/uruguai_general_guido_manini01.jpg\" alt=\"\" width=\"544\" height=\"388\" srcset=\"https:\/\/pertinente.com.br\/site\/wp-content\/uploads\/2018\/09\/uruguai_general_guido_manini01.jpg 544w, https:\/\/pertinente.com.br\/site\/wp-content\/uploads\/2018\/09\/uruguai_general_guido_manini01-300x214.jpg 300w\" sizes=\"(max-width: 544px) 100vw, 544px\" \/><\/a><\/p>\n<p><em>Comandante R\u00edos ficar\u00e1 detido 30 dias por tentar influenciar na reforma das aposentadorias dos militares\u00a0<\/em><br \/>\n&nbsp;<br \/>\nDo Jornal <a href=\"https:\/\/jornalggn.com.br\/noticia\/uruguai-manda-prender-chefe-do-exercito-por-manifestacoes-politicas\">GGN<\/a> &#8211; O presidente do Uruguai, Tabar\u00e9 V\u00e1zques, determinou a pris\u00e3o do comandante do Ex\u00e9rcito do Uruguai, Guido Manini R\u00edos, por 30 dias, a serem cumpridos a partir da pr\u00f3xima segunda-feira (17). A san\u00e7\u00e3o se deve porque R\u00edos violou o artigo 77 de Constitui\u00e7\u00e3o uruguaia que pro\u00edbe os militares de &#8220;fazer parte de comiss\u00f5es ou clubes pol\u00edticos, de subscrever a manifestos de partidos, de autorizar o uso de seu nome e, de modo geral, executar qualquer outro ato p\u00fablico ou privado de car\u00e1ter pol\u00edtico, exceto o voto&#8221;.<\/p>\n<p>Desde 2017, o governo articula a reforma do sistema militar de aposentadorias, projeto que j\u00e1 passou no Senado e aguarda aprova\u00e7\u00e3o na C\u00e2mara daquele pa\u00eds e que vem sendo alvo de cr\u00edticas diretas do general Manini R\u00edos. Em uma recente entrevista, por exemplo, ao portal Oceano, o comandante do Ex\u00e9rcito disse que o ministro do Trabalho, Ernesto Murro &#8220;n\u00e3o est\u00e1 bem informado&#8221; sobre o preju\u00edzo que a reforma ir\u00e1 resultar para a categoria.<\/p>\n<p>&#8220;Se o ministro pegar uma calculadora, vai perceber que o soldado vai ter que trabalhar mais anos para sair com a metade [do que recebe]&#8221;, argumentou. Na mesma entrevista, o general disse que os militares s\u00e3o a favor de uma reforma e que at\u00e9 apresentaram um anteprojeto ao estabelecido pelo governo.<\/p>\n<p>Apesar de R\u00edos se dirigir a Murro, segundo os jornais uruguaios, o principal propagador da necessidade da reforma no pa\u00eds \u00e9 o ministro da Economia e Finan\u00e7as, Danilo Astori, que tem dito, reiteradamente, que o chamado &#8220;caixa militar&#8221; resulta em um d\u00e9ficit anual de, pelo menos, 450 milh\u00f5es de pesos uruguaios.<\/p>\n<div>\n<p>A iniciativa aumenta a idade de aposentadoria dos militares para 60 anos de idade, no caso de aposentadoria volunt\u00e1ria, determina m\u00ednimo de 30 anos de servi\u00e7o e estabelece um teto-limite para os valores da aposentadoria.<\/p>\n<p>O governo afirma que as regras novas v\u00e3o valer para quem entrou nas For\u00e7as Armadas h\u00e1 menos de 10 anos, por\u00e9m haver\u00e1 uma regra de transi\u00e7\u00e3o para aqueles que t\u00eam entre 10 e 20 anos de servi\u00e7o, com gradua\u00e7\u00e3o para cada ano desse faixa.<\/p>\n<p>Pelo regime atual, s\u00e3o necess\u00e1rios, no m\u00ednimo, 20 anos de tempo de trabalho e 38 anos de idade para se aposentar, al\u00e9m disso, os militares podem vestir o pijama com o valor de soldo mais alto do que o valor que estiverem recebendo no momento da aposentadoria. A categoria recebe, ainda, b\u00f4nus e, quando um militar morre, parte da aposentadoria continua sendo paga para seus familiares.<\/p>\n<p>O governo V\u00e1zques assegura que h\u00e1 hoje aposentadorias militares superiores a 200 mil pesos. O general Guido Manini R\u00edos, entretanto, rebate que 18 mil trabalhadores da base ser\u00e3o prejudicados.<\/p>\n<p>Dados deste ano, do Minist\u00e9rio de Defesa do pa\u00eds, mostram que os sal\u00e1rios das For\u00e7as Armadas do Uruguai variam, em m\u00e9dia, entre 9,5 mil e 86,2 mil pesos, entre os oficiais n\u00e3o combatentes. J\u00e1, entre os combatentes nas categorias subalternas os valores variam entre 7,3 mil (aspirante) at\u00e9 39,2 mil (suboficial maior) e, nas categorias superiores, que v\u00e3o da Guarda da Marinha at\u00e9 o General-chefe do Ex\u00e9rcito, os sal\u00e1rios variam de 40 mil at\u00e9 160 mil pesos.<\/p>\n<p>A t\u00edtulo de compara\u00e7\u00e3o, o Banco Mundial apontou no in\u00edcio deste ano que o Uruguai tem o segundo maior sal\u00e1rio m\u00ednimo da Am\u00e9rica Latina, de 13,4 mil pesos (470 d\u00f3lares aproximadamente), perdendo para a Argentina, onde o valor do sal\u00e1rio m\u00ednimo \u00e9 equivalente a 480 d\u00f3lares.<\/p>\n<p><strong style=\"font-size: 1rem;\">Resqu\u00edcios das ditaduras<\/strong><\/p>\n<p>Em 2003, o Minist\u00e9rio da Defesa do Brasil divulgou um estudo sobre a aposentadoria de militares em 19 pa\u00edses. O trabalho revelou que a maioria deles mantinha um regime especial de Previd\u00eancia para a categoria, com exce\u00e7\u00e3o da Noruega. Al\u00e9m disso, as melhores aposentadorias foram encontradas nos pa\u00edses que tiveram governos militares.<\/p>\n<p>&#8220;Pelo mapa da Previd\u00eancia, os pa\u00edses em que os militares se aposentam com o \u00faltimo sal\u00e1rio da ativa, como no Brasil, s\u00e3o: Chile, Paraguai, Argentina, Uruguai, Peru, Portugal, Espanha e Venezuela. Em muitos casos, o militar recebe &#8220;pr\u00eamios&#8221; quando entra para a reserva. No Chile, por exemplo, s\u00e3o 24 sal\u00e1rios. No Peru, cerca de US$ 30 mil&#8221;, aponta uma mat\u00e9ria da Folha de S.Paulo, na \u00e9poca, sem especificar o caso uruguaio.<\/p>\n<p>Fontes: <a href=\"https:\/\/jornalggn.com.br\/noticia\/uruguai-manda-prender-chefe-do-exercito-por-manifestacoes-politicas\">GGN<\/a>, <a href=\"https:\/\/limpinhoecheiroso.com\/2018\/09\/13\/comandante-do-exercito-e-preso-apos-declaracoes-politicas-no-uruguai\/\">Limpinho e Cheiroso<\/a><\/p>\n<\/div>\n","protected":false},"excerpt":{"rendered":"<p>Comandante R\u00edos ficar\u00e1 detido 30 dias por tentar influenciar na reforma das aposentadorias dos militares\u00a0 &nbsp; Do Jornal GGN &#8211; O presidente do Uruguai, Tabar\u00e9 V\u00e1zques, determinou a pris\u00e3o do comandante do Ex\u00e9rcito do Uruguai, Guido Manini R\u00edos, por 30 dias, a&hellip;<\/p>\n","protected":false},"author":1,"featured_media":895,"comment_status":"open","ping_status":"open","sticky":false,"template":"","format":"standard","meta":{"footnotes":""},"categories":[4],"tags":[336,335,337,71,334],"_links":{"self":[{"href":"https:\/\/pertinente.com.br\/site\/wp-json\/wp\/v2\/posts\/894"}],"collection":[{"href":"https:\/\/pertinente.com.br\/site\/wp-json\/wp\/v2\/posts"}],"about":[{"href":"https:\/\/pertinente.com.br\/site\/wp-json\/wp\/v2\/types\/post"}],"author":[{"embeddable":true,"href":"https:\/\/pertinente.com.br\/site\/wp-json\/wp\/v2\/users\/1"}],"replies":[{"embeddable":true,"href":"https:\/\/pertinente.com.br\/site\/wp-json\/wp\/v2\/comments?post=894"}],"version-history":[{"count":6,"href":"https:\/\/pertinente.com.br\/site\/wp-json\/wp\/v2\/posts\/894\/revisions"}],"predecessor-version":[{"id":918,"href":"https:\/\/pertinente.com.br\/site\/wp-json\/wp\/v2\/posts\/894\/revisions\/918"}],"wp:featuredmedia":[{"embeddable":true,"href":"https:\/\/pertinente.com.br\/site\/wp-json\/wp\/v2\/media\/895"}],"wp:attachment":[{"href":"https:\/\/pertinente.com.br\/site\/wp-json\/wp\/v2\/media?parent=894"}],"wp:term":[{"taxonomy":"category","embeddable":true,"href":"https:\/\/pertinente.com.br\/site\/wp-json\/wp\/v2\/categories?post=894"},{"taxonomy":"post_tag","embeddable":true,"href":"https:\/\/pertinente.com.br\/site\/wp-json\/wp\/v2\/tags?post=894"}],"curies":[{"name":"wp","href":"https:\/\/api.w.org\/{rel}","templated":true}]}}