{"id":898,"date":"2018-09-13T15:15:25","date_gmt":"2018-09-13T18:15:25","guid":{"rendered":"http:\/\/pertinente.com.br\/site\/?p=898"},"modified":"2018-09-13T15:54:59","modified_gmt":"2018-09-13T18:54:59","slug":"mulheres-se-unem-na-rede-contra-um-candidato","status":"publish","type":"post","link":"https:\/\/pertinente.com.br\/site\/2018\/09\/13\/mulheres-se-unem-na-rede-contra-um-candidato\/","title":{"rendered":"Mulheres se Unem na Rede Contra um Candidato"},"content":{"rendered":"<p><a href=\"http:\/\/pertinente.com.br\/site\/wp-content\/uploads\/2018\/09\/MC_Bolsonaro_Maria_Rosario_Foto_Marcelo_Camargo_14092016003-RLBshmalKuuioeM6rFA5hIJ-1200x800@GP-Web.jpg\"><img loading=\"lazy\" decoding=\"async\" class=\"wp-image-899 aligncenter\" src=\"http:\/\/pertinente.com.br\/site\/wp-content\/uploads\/2018\/09\/MC_Bolsonaro_Maria_Rosario_Foto_Marcelo_Camargo_14092016003-RLBshmalKuuioeM6rFA5hIJ-1200x800@GP-Web.jpg\" alt=\"\" width=\"628\" height=\"419\" srcset=\"https:\/\/pertinente.com.br\/site\/wp-content\/uploads\/2018\/09\/MC_Bolsonaro_Maria_Rosario_Foto_Marcelo_Camargo_14092016003-RLBshmalKuuioeM6rFA5hIJ-1200x800@GP-Web.jpg 1024w, https:\/\/pertinente.com.br\/site\/wp-content\/uploads\/2018\/09\/MC_Bolsonaro_Maria_Rosario_Foto_Marcelo_Camargo_14092016003-RLBshmalKuuioeM6rFA5hIJ-1200x800@GP-Web-300x200.jpg 300w, https:\/\/pertinente.com.br\/site\/wp-content\/uploads\/2018\/09\/MC_Bolsonaro_Maria_Rosario_Foto_Marcelo_Camargo_14092016003-RLBshmalKuuioeM6rFA5hIJ-1200x800@GP-Web-768x512.jpg 768w\" sizes=\"(max-width: 628px) 100vw, 628px\" \/><\/a><\/p>\n<p>Criado no dia 30 de agosto no Facebook, o grupo \u201cMulheres Unidas contra Bolsonaro\u201d, dedicado a se opor ao candidato do PSL \u00e0 Presid\u00eancia, \u201cquebrou\u201d a internet. O agrupamento, formado apenas por eleitoras, come\u00e7ou a chamar a aten\u00e7\u00e3o na segunda-feira passada, ao agregar mais de 300 mil mulheres em um \u00fanico dia. Dois dias depois, atingiu 1,2 milh\u00e3o \u2013 o equivalente a 1,5% do eleitorado feminino apto a votar este ano.<\/p>\n<p>As ades\u00f5es acumuladas em alta velocidade mostram a rejei\u00e7\u00e3o que o presidenci\u00e1vel enfrenta entre eleitoras \u2013 a maioria das votantes no Brasil. Bolsonaro lidera as pesquisas com 26% das inten\u00e7\u00f5es de voto, mas entre o eleitorado feminino sua rejei\u00e7\u00e3o \u00e9 de 50%, segundo pesquisa Ibope divulgada na ter\u00e7a-feira, 11.<\/p>\n<p>As criadoras do grupo afirmam que o objetivo n\u00e3o \u00e9 apoiar nenhum partido e que todas as posi\u00e7\u00f5es pol\u00edticas s\u00e3o bem-vindas, desde que n\u00e3o votem no candidato do PSL, a quem chamam de \u201cinomin\u00e1vel\u201d ou \u201ccoiso\u201d. O grupo aproveita a grande mobiliza\u00e7\u00e3o online para marcar atos p\u00fablicos contra o candidato na sexta-feira, na Avenida Paulista, em S\u00e3o Paulo, e no dia 29, na Cinel\u00e2ndia, no centro do Rio, entre outros eventos.<\/p>\n<p>\u201cNuma conversa informal, resolvemos criar o grupo para demonstrar a nossa insatisfa\u00e7\u00e3o em rela\u00e7\u00e3o \u00e0 candidatura do inomin\u00e1vel por conta de seu discurso mis\u00f3gino, de \u00f3dio \u00e0s minorias\u201d, disse a publicit\u00e1ria Ludmila Teixeira, criadora do grupo.<\/p>\n<p>A campanha de Bolsonaro nega o discurso machista e reclama da explora\u00e7\u00e3o de imagens do deputado empurrando e insultando a colega deputada Maria do Ros\u00e1rio (PT-RS) e ofendendo uma rep\u00f3rter.<\/p>\n<p><b>Rea\u00e7\u00e3o<\/b><\/p>\n<p><span style=\"font-size: 1rem;\">\u201cAs mulheres s\u00e3o o grande calcanhar de Aquiles de Bolsonaro\u201d, afirmou o diretor de An\u00e1lises de Pol\u00edticas P\u00fablicas da FGV, Marco Aur\u00e9lio Ruediger. \u201c\u00c9 uma rea\u00e7\u00e3o importante acontecendo diante das posturas desse candidato\u201d, disse a professora de Direito da FGV\/SP Luciana Ramos, especialista em participa\u00e7\u00e3o feminina na pol\u00edtica.<\/span><\/p>\n<p><span style=\"font-size: 1rem;\">Tamb\u00e9m foram criados grupos de mulheres de apoio a Bolsonaro, mas eles n\u00e3o chegam a ter a 100 mil integrantes. Uma manifesta\u00e7\u00e3o chamada \u201cMulheres com Bolsonaro\u201d foi marcada para o dia 29, na Candel\u00e1ria, no centro do Rio, para \u201ccontrapor ao evento criado pelo movimento feminista\u201d, afirma um texto que circula nas redes.<\/span><\/p>\n<section class=\"section-materia\">\n<div class=\"main-content\">\n<article>\n<div class=\"content-section content\">\n<p>Fontes: O Estado de S. Paulo\u00a0e <a href=\"https:\/\/istoe.com.br\/mulheres-se-unem-nas-redes-contra-bolsonaro\/\">IstoE<\/a>.<\/p>\n<\/div>\n<\/article>\n<\/div>\n<\/section>\n<div data-google-query-id=\"CL3ukaTJuN0CFVG7Twod9X0KmQ\"><\/div>\n","protected":false},"excerpt":{"rendered":"<p>Criado no dia 30 de agosto no Facebook, o grupo \u201cMulheres Unidas contra Bolsonaro\u201d, dedicado a se opor ao candidato do PSL \u00e0 Presid\u00eancia, \u201cquebrou\u201d a internet. O agrupamento, formado apenas por eleitoras, come\u00e7ou a chamar a aten\u00e7\u00e3o na segunda-feira passada, ao&hellip;<\/p>\n","protected":false},"author":1,"featured_media":899,"comment_status":"open","ping_status":"open","sticky":false,"template":"","format":"standard","meta":{"footnotes":""},"categories":[4],"tags":[218,299,339,340,338,341],"_links":{"self":[{"href":"https:\/\/pertinente.com.br\/site\/wp-json\/wp\/v2\/posts\/898"}],"collection":[{"href":"https:\/\/pertinente.com.br\/site\/wp-json\/wp\/v2\/posts"}],"about":[{"href":"https:\/\/pertinente.com.br\/site\/wp-json\/wp\/v2\/types\/post"}],"author":[{"embeddable":true,"href":"https:\/\/pertinente.com.br\/site\/wp-json\/wp\/v2\/users\/1"}],"replies":[{"embeddable":true,"href":"https:\/\/pertinente.com.br\/site\/wp-json\/wp\/v2\/comments?post=898"}],"version-history":[{"count":5,"href":"https:\/\/pertinente.com.br\/site\/wp-json\/wp\/v2\/posts\/898\/revisions"}],"predecessor-version":[{"id":912,"href":"https:\/\/pertinente.com.br\/site\/wp-json\/wp\/v2\/posts\/898\/revisions\/912"}],"wp:featuredmedia":[{"embeddable":true,"href":"https:\/\/pertinente.com.br\/site\/wp-json\/wp\/v2\/media\/899"}],"wp:attachment":[{"href":"https:\/\/pertinente.com.br\/site\/wp-json\/wp\/v2\/media?parent=898"}],"wp:term":[{"taxonomy":"category","embeddable":true,"href":"https:\/\/pertinente.com.br\/site\/wp-json\/wp\/v2\/categories?post=898"},{"taxonomy":"post_tag","embeddable":true,"href":"https:\/\/pertinente.com.br\/site\/wp-json\/wp\/v2\/tags?post=898"}],"curies":[{"name":"wp","href":"https:\/\/api.w.org\/{rel}","templated":true}]}}