{"id":924,"date":"2018-10-01T21:20:08","date_gmt":"2018-10-02T00:20:08","guid":{"rendered":"http:\/\/pertinente.com.br\/site\/?p=924"},"modified":"2018-10-01T21:20:08","modified_gmt":"2018-10-02T00:20:08","slug":"em-conversa-com-toffoli-lewandowski-ameacou-denunciar-desvio-de-poder-no-stf","status":"publish","type":"post","link":"https:\/\/pertinente.com.br\/site\/2018\/10\/01\/em-conversa-com-toffoli-lewandowski-ameacou-denunciar-desvio-de-poder-no-stf\/","title":{"rendered":"Em conversa com Toffoli, Lewandowski amea\u00e7ou denunciar desvio de poder no STF"},"content":{"rendered":"<p><a href=\"http:\/\/pertinente.com.br\/site\/wp-content\/uploads\/2018\/10\/x78953712_BSBBrasiliaBrasil20-09-2018PAjulgamentos-do-Plenario-do-Supremo-Tribun.jpg.pagespeed.ic_.7-HHFHfDe_.jpg\"><img loading=\"lazy\" decoding=\"async\" class=\"alignnone size-full wp-image-925\" src=\"http:\/\/pertinente.com.br\/site\/wp-content\/uploads\/2018\/10\/x78953712_BSBBrasiliaBrasil20-09-2018PAjulgamentos-do-Plenario-do-Supremo-Tribun.jpg.pagespeed.ic_.7-HHFHfDe_.jpg\" alt=\"\" width=\"699\" height=\"420\" srcset=\"https:\/\/pertinente.com.br\/site\/wp-content\/uploads\/2018\/10\/x78953712_BSBBrasiliaBrasil20-09-2018PAjulgamentos-do-Plenario-do-Supremo-Tribun.jpg.pagespeed.ic_.7-HHFHfDe_.jpg 699w, https:\/\/pertinente.com.br\/site\/wp-content\/uploads\/2018\/10\/x78953712_BSBBrasiliaBrasil20-09-2018PAjulgamentos-do-Plenario-do-Supremo-Tribun.jpg.pagespeed.ic_.7-HHFHfDe_-300x180.jpg 300w\" sizes=\"(max-width: 699px) 100vw, 699px\" \/><\/a><\/p>\n<p>Ministros conversaram em S\u00e3o Paulo antes de Lewandowski reiterar decis\u00e3o, cassada por Luiz Fux, a favor de entrevista de Lula a jornal.<\/p>\n<p>Eram cerca de 11 horas da segunda-feira, 1 de outubro, quando os ministros Dias Toffoli e Ricardo Lewandowski se encontraram no audit\u00f3rio da Faculdade de Direito da Universidade de S\u00e3o Paulo (USP). Toffoli tinha acabado de proferir uma palestra sobre o 30\u00ba anivers\u00e1rio da Constitui\u00e7\u00e3o Federal. Encontrou-se em uma pequena sala atr\u00e1s do audit\u00f3rio com Lewandowski, que tamb\u00e9m palestraria no evento. O cen\u00e1rio traz alegria para ambos: Toffoli, por ter cursado Direito na institui\u00e7\u00e3o; Lewandowski, por ser professor no local. Mas a conversa entre os dois n\u00e3o foi nem um pouco amig\u00e1vel.<\/p>\n<p>Toffoli tentou se antecipar e se dirigiu a Lewandowski para lamentar a guerra de liminares ocorrida na sexta-feira na mais alta Corte do pa\u00eds. Lewandowski tinha dado autoriza\u00e7\u00e3o para o jornal\u00a0<em>Folha de S. Paulo<\/em>\u00a0entrevistar o ex-presidente Luiz In\u00e1cio Lula da Silva. Horas depois, o Partido Novo entrou com pedido de suspens\u00e3o de liminar, atendido por Luiz Fux, que proibiu a entrevista. Toffoli disse a Lewandowski que levaria o caso ao plen\u00e1rio da Corte ainda naquela semana, para \u201cresolver a situa\u00e7\u00e3o\u201d.<\/p>\n<p>Foi quando o sangue de Lewandowski subiu. Com o rosto vermelho, disse a Toffoli que, se o caso fosse levado ao plen\u00e1rio, ele denunciaria o desvio de poder que tomou conta do STF. Lewandowski recomendou ao colega que \u201cpensasse bem\u201d antes de levar o processo a julgamento, porque ele n\u00e3o ficaria calado. E, depois de falar bastante, deixaria o plen\u00e1rio sem participar da vota\u00e7\u00e3o.<\/p>\n<p>Leia mais em:\u00a0\u00a0<a href=\"https:\/\/epoca.globo.com\/em-conversa-com-toffoli-lewandowski-ameacou-denunciar-desvio-de-poder-no-stf-23116940\">\u00c9poca<\/a><\/p>\n","protected":false},"excerpt":{"rendered":"<p>Ministros conversaram em S\u00e3o Paulo antes de Lewandowski reiterar decis\u00e3o, cassada por Luiz Fux, a favor de entrevista de Lula a jornal. Eram cerca de 11 horas da segunda-feira, 1 de outubro, quando os ministros Dias Toffoli e Ricardo Lewandowski se encontraram&hellip;<\/p>\n","protected":false},"author":1,"featured_media":925,"comment_status":"open","ping_status":"open","sticky":false,"template":"","format":"standard","meta":{"footnotes":""},"categories":[4],"tags":[342,350,349,20,66,348],"_links":{"self":[{"href":"https:\/\/pertinente.com.br\/site\/wp-json\/wp\/v2\/posts\/924"}],"collection":[{"href":"https:\/\/pertinente.com.br\/site\/wp-json\/wp\/v2\/posts"}],"about":[{"href":"https:\/\/pertinente.com.br\/site\/wp-json\/wp\/v2\/types\/post"}],"author":[{"embeddable":true,"href":"https:\/\/pertinente.com.br\/site\/wp-json\/wp\/v2\/users\/1"}],"replies":[{"embeddable":true,"href":"https:\/\/pertinente.com.br\/site\/wp-json\/wp\/v2\/comments?post=924"}],"version-history":[{"count":1,"href":"https:\/\/pertinente.com.br\/site\/wp-json\/wp\/v2\/posts\/924\/revisions"}],"predecessor-version":[{"id":926,"href":"https:\/\/pertinente.com.br\/site\/wp-json\/wp\/v2\/posts\/924\/revisions\/926"}],"wp:featuredmedia":[{"embeddable":true,"href":"https:\/\/pertinente.com.br\/site\/wp-json\/wp\/v2\/media\/925"}],"wp:attachment":[{"href":"https:\/\/pertinente.com.br\/site\/wp-json\/wp\/v2\/media?parent=924"}],"wp:term":[{"taxonomy":"category","embeddable":true,"href":"https:\/\/pertinente.com.br\/site\/wp-json\/wp\/v2\/categories?post=924"},{"taxonomy":"post_tag","embeddable":true,"href":"https:\/\/pertinente.com.br\/site\/wp-json\/wp\/v2\/tags?post=924"}],"curies":[{"name":"wp","href":"https:\/\/api.w.org\/{rel}","templated":true}]}}