{"id":964,"date":"2020-04-17T18:30:33","date_gmt":"2020-04-17T21:30:33","guid":{"rendered":"http:\/\/pertinente.com.br\/site\/?p=964"},"modified":"2020-04-20T11:38:27","modified_gmt":"2020-04-20T14:38:27","slug":"brasil-ja-tem-2-141-mortes-e-33-682-casos-de-coronavirus-registrados-conforme-o-ministerio-da-saude","status":"publish","type":"post","link":"https:\/\/pertinente.com.br\/site\/2020\/04\/17\/brasil-ja-tem-2-141-mortes-e-33-682-casos-de-coronavirus-registrados-conforme-o-ministerio-da-saude\/","title":{"rendered":"Brasil j\u00e1 tem 2.141 mortes e 33.682 casos de coronav\u00edrus registrados, conforme o Minist\u00e9rio da Sa\u00fade"},"content":{"rendered":"\n<figure class=\"wp-block-image size-large\"><img loading=\"lazy\" decoding=\"async\" width=\"868\" height=\"644\" src=\"http:\/\/pertinente.com.br\/site\/wp-content\/uploads\/2020\/04\/mascara-1-868x644-1.jpg\" alt=\"\" class=\"wp-image-966\" srcset=\"https:\/\/pertinente.com.br\/site\/wp-content\/uploads\/2020\/04\/mascara-1-868x644-1.jpg 868w, https:\/\/pertinente.com.br\/site\/wp-content\/uploads\/2020\/04\/mascara-1-868x644-1-300x223.jpg 300w, https:\/\/pertinente.com.br\/site\/wp-content\/uploads\/2020\/04\/mascara-1-868x644-1-768x570.jpg 768w\" sizes=\"(max-width: 868px) 100vw, 868px\" \/><\/figure>\n\n\n\n<h4 class=\"wp-block-heading\">G1 &#8211; Foram 217 mortes a mais em compara\u00e7\u00e3o com a quinta (16). Um m\u00eas ap\u00f3s a primeira morte confirmada, n\u00famero total de v\u00edtimas passa de 2 mil.<\/h4>\n\n\n\n<p>O&nbsp;Minist\u00e9rio da Sa\u00fade&nbsp;divulgou nesta sexta-feira (17) o mais recente balan\u00e7o dos casos de coronav\u00edrus no Brasil. Os principais dados s\u00e3o:<\/p>\n\n\n\n<ul><li>2.141 mortes,&nbsp;na quinta eram 1.924,&nbsp;aumento de 11,2%<\/li><li>33.682 casos confirmados,&nbsp;eram 30.425,&nbsp;aumento de 10,7%<\/li><li>Em 7 dias, foram mais 1024 mortes confirmadas,&nbsp;aumento de 90,4%<\/li><li>Total de&nbsp;2 mil mortes \u00e9 verificado um m\u00eas depois&nbsp;de a 1\u00aa morte ser confirmada no Brasil<\/li><li>S\u00e3o Paulo tem 928 mortes e 12.841 casos confirmados.<\/li><\/ul>\n\n\n\n<p><\/p>\n\n\n\n<p>Leia mais:<\/p>\n\n\n\n<p><a href=\"https:\/\/g1.globo.com\/bemestar\/coronavirus\/noticia\/2020\/04\/17\/brasil-tem-2141-mortes-e-33682-casos-de-coronavirus-diz-ministerio.ghtml\">https:\/\/g1.globo.com\/bemestar\/coronavirus\/noticia\/2020\/04\/17\/brasil-tem-2141-mortes-e-33682-casos-de-coronavirus-diz-ministerio.ghtml<\/a><\/p>\n","protected":false},"excerpt":{"rendered":"<p>G1 &#8211; Foram 217 mortes a mais em compara\u00e7\u00e3o com a quinta (16). Um m\u00eas ap\u00f3s a primeira morte confirmada, n\u00famero total de v\u00edtimas passa de 2 mil. O&nbsp;Minist\u00e9rio da Sa\u00fade&nbsp;divulgou nesta sexta-feira (17) o mais recente balan\u00e7o dos casos de coronav\u00edrus&hellip;<\/p>\n","protected":false},"author":1,"featured_media":966,"comment_status":"open","ping_status":"open","sticky":false,"template":"","format":"standard","meta":{"footnotes":""},"categories":[4],"tags":[],"_links":{"self":[{"href":"https:\/\/pertinente.com.br\/site\/wp-json\/wp\/v2\/posts\/964"}],"collection":[{"href":"https:\/\/pertinente.com.br\/site\/wp-json\/wp\/v2\/posts"}],"about":[{"href":"https:\/\/pertinente.com.br\/site\/wp-json\/wp\/v2\/types\/post"}],"author":[{"embeddable":true,"href":"https:\/\/pertinente.com.br\/site\/wp-json\/wp\/v2\/users\/1"}],"replies":[{"embeddable":true,"href":"https:\/\/pertinente.com.br\/site\/wp-json\/wp\/v2\/comments?post=964"}],"version-history":[{"count":6,"href":"https:\/\/pertinente.com.br\/site\/wp-json\/wp\/v2\/posts\/964\/revisions"}],"predecessor-version":[{"id":1050,"href":"https:\/\/pertinente.com.br\/site\/wp-json\/wp\/v2\/posts\/964\/revisions\/1050"}],"wp:featuredmedia":[{"embeddable":true,"href":"https:\/\/pertinente.com.br\/site\/wp-json\/wp\/v2\/media\/966"}],"wp:attachment":[{"href":"https:\/\/pertinente.com.br\/site\/wp-json\/wp\/v2\/media?parent=964"}],"wp:term":[{"taxonomy":"category","embeddable":true,"href":"https:\/\/pertinente.com.br\/site\/wp-json\/wp\/v2\/categories?post=964"},{"taxonomy":"post_tag","embeddable":true,"href":"https:\/\/pertinente.com.br\/site\/wp-json\/wp\/v2\/tags?post=964"}],"curies":[{"name":"wp","href":"https:\/\/api.w.org\/{rel}","templated":true}]}}