{"id":975,"date":"2020-04-18T11:35:23","date_gmt":"2020-04-18T14:35:23","guid":{"rendered":"http:\/\/pertinente.com.br\/site\/2020\/04\/18\/na-posse-do-novo-ministro-da-saude-sao-ignoradas-recomendacoes-da-oms\/"},"modified":"2020-04-20T11:33:45","modified_gmt":"2020-04-20T14:33:45","slug":"na-posse-do-novo-ministro-da-saude-sao-ignoradas-recomendacoes-da-oms","status":"publish","type":"post","link":"https:\/\/pertinente.com.br\/site\/2020\/04\/18\/na-posse-do-novo-ministro-da-saude-sao-ignoradas-recomendacoes-da-oms\/","title":{"rendered":"Na posse do novo ministro da Sa\u00fade s\u00e3o ignoradas recomenda\u00e7\u00f5es da OMS"},"content":{"rendered":"\n<p>O Globo &#8211; Em cerim\u00f4nia da posse de Teich, convidados ignoram m\u00e1scaras, se abra\u00e7am e ficam pr\u00f3ximos uns dos outros.<\/p>\n\n\n\n<figure class=\"wp-block-image size-large\"><img loading=\"lazy\" decoding=\"async\" width=\"1024\" height=\"615\" src=\"http:\/\/pertinente.com.br\/site\/wp-content\/uploads\/2020\/04\/x87877654_BrasilBrasiliaPA17-04-2020COVID-19Presidente-Jair-Bolsonaro-participa-da-1.jpg.pagespeed.ic_.I34Xbt_Fj1-1024x615.jpg\" alt=\"\" class=\"wp-image-978\" srcset=\"https:\/\/pertinente.com.br\/site\/wp-content\/uploads\/2020\/04\/x87877654_BrasilBrasiliaPA17-04-2020COVID-19Presidente-Jair-Bolsonaro-participa-da-1.jpg.pagespeed.ic_.I34Xbt_Fj1-1024x615.jpg 1024w, https:\/\/pertinente.com.br\/site\/wp-content\/uploads\/2020\/04\/x87877654_BrasilBrasiliaPA17-04-2020COVID-19Presidente-Jair-Bolsonaro-participa-da-1.jpg.pagespeed.ic_.I34Xbt_Fj1-300x180.jpg 300w, https:\/\/pertinente.com.br\/site\/wp-content\/uploads\/2020\/04\/x87877654_BrasilBrasiliaPA17-04-2020COVID-19Presidente-Jair-Bolsonaro-participa-da-1.jpg.pagespeed.ic_.I34Xbt_Fj1-768x461.jpg 768w, https:\/\/pertinente.com.br\/site\/wp-content\/uploads\/2020\/04\/x87877654_BrasilBrasiliaPA17-04-2020COVID-19Presidente-Jair-Bolsonaro-participa-da-1.jpg.pagespeed.ic_.I34Xbt_Fj1.jpg 1086w\" sizes=\"(max-width: 1024px) 100vw, 1024px\" \/><\/figure>\n\n\n\n<p>Leia mais:<\/p>\n\n\n\n<p>https:\/\/oglobo.globo.com\/brasil\/em-cerimonia-da-posse-de-teich-convidados-ignoram-mascaras-se-abracam-ficam-proximos-uns-dos-outros-24380357<\/p>\n","protected":false},"excerpt":{"rendered":"<p>O Globo &#8211; Em cerim\u00f4nia da posse de Teich, convidados ignoram m\u00e1scaras, se abra\u00e7am e ficam pr\u00f3ximos uns dos outros. Leia mais: https:\/\/oglobo.globo.com\/brasil\/em-cerimonia-da-posse-de-teich-convidados-ignoram-mascaras-se-abracam-ficam-proximos-uns-dos-outros-24380357<\/p>\n","protected":false},"author":1,"featured_media":990,"comment_status":"open","ping_status":"open","sticky":false,"template":"","format":"standard","meta":{"footnotes":""},"categories":[4],"tags":[264,360],"_links":{"self":[{"href":"https:\/\/pertinente.com.br\/site\/wp-json\/wp\/v2\/posts\/975"}],"collection":[{"href":"https:\/\/pertinente.com.br\/site\/wp-json\/wp\/v2\/posts"}],"about":[{"href":"https:\/\/pertinente.com.br\/site\/wp-json\/wp\/v2\/types\/post"}],"author":[{"embeddable":true,"href":"https:\/\/pertinente.com.br\/site\/wp-json\/wp\/v2\/users\/1"}],"replies":[{"embeddable":true,"href":"https:\/\/pertinente.com.br\/site\/wp-json\/wp\/v2\/comments?post=975"}],"version-history":[{"count":5,"href":"https:\/\/pertinente.com.br\/site\/wp-json\/wp\/v2\/posts\/975\/revisions"}],"predecessor-version":[{"id":1047,"href":"https:\/\/pertinente.com.br\/site\/wp-json\/wp\/v2\/posts\/975\/revisions\/1047"}],"wp:featuredmedia":[{"embeddable":true,"href":"https:\/\/pertinente.com.br\/site\/wp-json\/wp\/v2\/media\/990"}],"wp:attachment":[{"href":"https:\/\/pertinente.com.br\/site\/wp-json\/wp\/v2\/media?parent=975"}],"wp:term":[{"taxonomy":"category","embeddable":true,"href":"https:\/\/pertinente.com.br\/site\/wp-json\/wp\/v2\/categories?post=975"},{"taxonomy":"post_tag","embeddable":true,"href":"https:\/\/pertinente.com.br\/site\/wp-json\/wp\/v2\/tags?post=975"}],"curies":[{"name":"wp","href":"https:\/\/api.w.org\/{rel}","templated":true}]}}