{"id":982,"date":"2020-04-18T12:14:36","date_gmt":"2020-04-18T15:14:36","guid":{"rendered":"http:\/\/pertinente.com.br\/site\/?p=982"},"modified":"2020-04-20T11:33:11","modified_gmt":"2020-04-20T14:33:11","slug":"opovo-stf-libera-acordos-individuais-e-mantem-a-integra-do-texto-da-mp-936-que-trata-de-reducao-de-salarios","status":"publish","type":"post","link":"https:\/\/pertinente.com.br\/site\/2020\/04\/18\/opovo-stf-libera-acordos-individuais-e-mantem-a-integra-do-texto-da-mp-936-que-trata-de-reducao-de-salarios\/","title":{"rendered":"STF libera acordos individuais e mant\u00e9m a \u00edntegra do texto da MP 936, que trata de redu\u00e7\u00e3o de sal\u00e1rios"},"content":{"rendered":"\n<p>O Povo &#8211; Com a rejei\u00e7\u00e3o de medida cautelar da Rede Sustentabilidade, sindicatos n\u00e3o precisar\u00e3o validar acordos entre empregadores e trabalhadores.<\/p>\n\n\n\n<figure class=\"wp-block-image size-large\"><img loading=\"lazy\" decoding=\"async\" width=\"1024\" height=\"658\" src=\"http:\/\/pertinente.com.br\/site\/wp-content\/uploads\/2020\/04\/dias_toffoli_cnj_stf_coronavirus-12303899-1024x658.jpg\" alt=\"\" class=\"wp-image-981\" srcset=\"https:\/\/pertinente.com.br\/site\/wp-content\/uploads\/2020\/04\/dias_toffoli_cnj_stf_coronavirus-12303899-1024x658.jpg 1024w, https:\/\/pertinente.com.br\/site\/wp-content\/uploads\/2020\/04\/dias_toffoli_cnj_stf_coronavirus-12303899-300x193.jpg 300w, https:\/\/pertinente.com.br\/site\/wp-content\/uploads\/2020\/04\/dias_toffoli_cnj_stf_coronavirus-12303899-768x494.jpg 768w, https:\/\/pertinente.com.br\/site\/wp-content\/uploads\/2020\/04\/dias_toffoli_cnj_stf_coronavirus-12303899.jpg 1140w\" sizes=\"(max-width: 1024px) 100vw, 1024px\" \/><\/figure>\n\n\n\n<p>Leia mais:<\/p>\n\n\n\n<p><a href=\"https:\/\/mais.opovo.com.br\/jornal\/economia\/2020\/04\/18\/stf-libera-acordos-individuais-e-mantem-a-integra-do-texto-da-mp-936--que-trata-de-reducao-de-salarios.html\">https:\/\/mais.opovo.com.br\/jornal\/economia\/2020\/04\/18\/stf-libera-acordos-individuais-e-mantem-a-integra-do-texto-da-mp-936&#8211;que-trata-de-reducao-de-salarios.html<\/a><\/p>\n","protected":false},"excerpt":{"rendered":"<p>O Povo &#8211; Com a rejei\u00e7\u00e3o de medida cautelar da Rede Sustentabilidade, sindicatos n\u00e3o precisar\u00e3o validar acordos entre empregadores e trabalhadores. Leia mais: https:\/\/mais.opovo.com.br\/jornal\/economia\/2020\/04\/18\/stf-libera-acordos-individuais-e-mantem-a-integra-do-texto-da-mp-936&#8211;que-trata-de-reducao-de-salarios.html<\/p>\n","protected":false},"author":1,"featured_media":981,"comment_status":"open","ping_status":"open","sticky":false,"template":"","format":"standard","meta":{"footnotes":""},"categories":[4],"tags":[],"_links":{"self":[{"href":"https:\/\/pertinente.com.br\/site\/wp-json\/wp\/v2\/posts\/982"}],"collection":[{"href":"https:\/\/pertinente.com.br\/site\/wp-json\/wp\/v2\/posts"}],"about":[{"href":"https:\/\/pertinente.com.br\/site\/wp-json\/wp\/v2\/types\/post"}],"author":[{"embeddable":true,"href":"https:\/\/pertinente.com.br\/site\/wp-json\/wp\/v2\/users\/1"}],"replies":[{"embeddable":true,"href":"https:\/\/pertinente.com.br\/site\/wp-json\/wp\/v2\/comments?post=982"}],"version-history":[{"count":4,"href":"https:\/\/pertinente.com.br\/site\/wp-json\/wp\/v2\/posts\/982\/revisions"}],"predecessor-version":[{"id":1046,"href":"https:\/\/pertinente.com.br\/site\/wp-json\/wp\/v2\/posts\/982\/revisions\/1046"}],"wp:featuredmedia":[{"embeddable":true,"href":"https:\/\/pertinente.com.br\/site\/wp-json\/wp\/v2\/media\/981"}],"wp:attachment":[{"href":"https:\/\/pertinente.com.br\/site\/wp-json\/wp\/v2\/media?parent=982"}],"wp:term":[{"taxonomy":"category","embeddable":true,"href":"https:\/\/pertinente.com.br\/site\/wp-json\/wp\/v2\/categories?post=982"},{"taxonomy":"post_tag","embeddable":true,"href":"https:\/\/pertinente.com.br\/site\/wp-json\/wp\/v2\/tags?post=982"}],"curies":[{"name":"wp","href":"https:\/\/api.w.org\/{rel}","templated":true}]}}