{"id":988,"date":"2020-04-18T12:32:03","date_gmt":"2020-04-18T15:32:03","guid":{"rendered":"http:\/\/pertinente.com.br\/site\/?p=988"},"modified":"2020-04-20T11:32:24","modified_gmt":"2020-04-20T14:32:24","slug":"epoca-maia-sofre-o-maior-ataque-digital-ja-feito-contra-ele","status":"publish","type":"post","link":"https:\/\/pertinente.com.br\/site\/2020\/04\/18\/epoca-maia-sofre-o-maior-ataque-digital-ja-feito-contra-ele\/","title":{"rendered":"Maia sofre o maior ataque digital j\u00e1 feito contra ele"},"content":{"rendered":"\n<p>\u00c9poca &#8211; Presidente da C\u00e2mara foi alvo de 1,6 milh\u00e3o de posts no Twitter.<\/p>\n\n\n\n<figure class=\"wp-block-image size-large\"><img loading=\"lazy\" decoding=\"async\" width=\"1024\" height=\"615\" src=\"http:\/\/pertinente.com.br\/site\/wp-content\/uploads\/2020\/04\/x82804469_BSBBrasiliaBrasil22-05-2019Sessao-de-votacao-no-plenario-da-Camara-dos-Deputado.jpg.pagespeed.ic_.K0-BV5UqRv-1024x615.jpg\" alt=\"\" class=\"wp-image-986\" srcset=\"https:\/\/pertinente.com.br\/site\/wp-content\/uploads\/2020\/04\/x82804469_BSBBrasiliaBrasil22-05-2019Sessao-de-votacao-no-plenario-da-Camara-dos-Deputado.jpg.pagespeed.ic_.K0-BV5UqRv-1024x615.jpg 1024w, https:\/\/pertinente.com.br\/site\/wp-content\/uploads\/2020\/04\/x82804469_BSBBrasiliaBrasil22-05-2019Sessao-de-votacao-no-plenario-da-Camara-dos-Deputado.jpg.pagespeed.ic_.K0-BV5UqRv-300x180.jpg 300w, https:\/\/pertinente.com.br\/site\/wp-content\/uploads\/2020\/04\/x82804469_BSBBrasiliaBrasil22-05-2019Sessao-de-votacao-no-plenario-da-Camara-dos-Deputado.jpg.pagespeed.ic_.K0-BV5UqRv-768x461.jpg 768w, https:\/\/pertinente.com.br\/site\/wp-content\/uploads\/2020\/04\/x82804469_BSBBrasiliaBrasil22-05-2019Sessao-de-votacao-no-plenario-da-Camara-dos-Deputado.jpg.pagespeed.ic_.K0-BV5UqRv.jpg 1086w\" sizes=\"(max-width: 1024px) 100vw, 1024px\" \/><\/figure>\n\n\n\n<p>&#8220;A a\u00e7\u00e3o seguiu o padr\u00e3o dos fluxos bolsonaristas nas redes sociais, mas seria um falso positivo atribuir o resultado apenas ao uso de rob\u00f4s, especialmente o Twitter, que j\u00e1 negou a exist\u00eancia dessa capacidade de manipula\u00e7\u00e3o em larga escala do seu algoritmo no Brasil&#8221;, afirmou relat\u00f3rio da Bites.<\/p>\n\n\n\n<p>Leia mais:<\/p>\n\n\n\n<p><a href=\"https:\/\/epoca.globo.com\/guilherme-amado\/maia-sofreu-hoje-maior-ataque-digital-ja-feito-contra-ele-24379915\">https:\/\/epoca.globo.com\/guilherme-amado\/maia-sofreu-hoje-maior-ataque-digital-ja-feito-contra-ele-24379915<\/a><\/p>\n","protected":false},"excerpt":{"rendered":"<p>\u00c9poca &#8211; Presidente da C\u00e2mara foi alvo de 1,6 milh\u00e3o de posts no Twitter. &#8220;A a\u00e7\u00e3o seguiu o padr\u00e3o dos fluxos bolsonaristas nas redes sociais, mas seria um falso positivo atribuir o resultado apenas ao uso de rob\u00f4s, especialmente o Twitter, que&hellip;<\/p>\n","protected":false},"author":1,"featured_media":987,"comment_status":"open","ping_status":"open","sticky":false,"template":"","format":"standard","meta":{"footnotes":""},"categories":[4],"tags":[359],"_links":{"self":[{"href":"https:\/\/pertinente.com.br\/site\/wp-json\/wp\/v2\/posts\/988"}],"collection":[{"href":"https:\/\/pertinente.com.br\/site\/wp-json\/wp\/v2\/posts"}],"about":[{"href":"https:\/\/pertinente.com.br\/site\/wp-json\/wp\/v2\/types\/post"}],"author":[{"embeddable":true,"href":"https:\/\/pertinente.com.br\/site\/wp-json\/wp\/v2\/users\/1"}],"replies":[{"embeddable":true,"href":"https:\/\/pertinente.com.br\/site\/wp-json\/wp\/v2\/comments?post=988"}],"version-history":[{"count":3,"href":"https:\/\/pertinente.com.br\/site\/wp-json\/wp\/v2\/posts\/988\/revisions"}],"predecessor-version":[{"id":1045,"href":"https:\/\/pertinente.com.br\/site\/wp-json\/wp\/v2\/posts\/988\/revisions\/1045"}],"wp:featuredmedia":[{"embeddable":true,"href":"https:\/\/pertinente.com.br\/site\/wp-json\/wp\/v2\/media\/987"}],"wp:attachment":[{"href":"https:\/\/pertinente.com.br\/site\/wp-json\/wp\/v2\/media?parent=988"}],"wp:term":[{"taxonomy":"category","embeddable":true,"href":"https:\/\/pertinente.com.br\/site\/wp-json\/wp\/v2\/categories?post=988"},{"taxonomy":"post_tag","embeddable":true,"href":"https:\/\/pertinente.com.br\/site\/wp-json\/wp\/v2\/tags?post=988"}],"curies":[{"name":"wp","href":"https:\/\/api.w.org\/{rel}","templated":true}]}}